{"id":1551,"date":"2025-02-21T16:31:38","date_gmt":"2025-02-21T16:31:38","guid":{"rendered":"https:\/\/ledenonciateur224.com\/?p=1551"},"modified":"2025-02-21T16:34:12","modified_gmt":"2025-02-21T16:34:12","slug":"solidarite-en-action-le-general-amara-camara-offre-un-don-alimentaire-massif-pour-soutenir-la-population-de-kindia-a-laube-du-ramadan","status":"publish","type":"post","link":"https:\/\/ledenonciateur224.com\/index.php\/solidarite-en-action-le-general-amara-camara-offre-un-don-alimentaire-massif-pour-soutenir-la-population-de-kindia-a-laube-du-ramadan\/","title":{"rendered":"Solidarit\u00e9 en action : Le G\u00e9n\u00e9ral Amara Camara offre un don alimentaire massif pour soutenir la population de Kindia \u00e0 l&rsquo;aube du Ramadan"},"content":{"rendered":"<p>Le 21 f\u00e9vrier 2025, un geste de solidarit\u00e9 exceptionnel a \u00e9t\u00e9 pos\u00e9 \u00e0 l&rsquo;occasion du mois sacr\u00e9 du Ramadan, lorsque le G\u00e9n\u00e9ral Amara Camara, Secr\u00e9taire G\u00e9n\u00e9ral de la Pr\u00e9sidence de la R\u00e9publique de Guin\u00e9e, a offert un don alimentaire d\u2019envergure \u00e0 la population de la pr\u00e9fecture de Kindia. Ce geste humanitaire, marqu\u00e9 par la lecture du Saint Coran \u00e0 la Place des Martyrs, a \u00e9t\u00e9 un moment de partage et de communion spirituelle.<\/p>\n<p><img loading=\"lazy\" decoding=\"async\" class=\"alignnone size-full wp-image-1553\" src=\"https:\/\/ledenonciateur224.com\/wp-content\/uploads\/2025\/02\/fb-img-1740155160639.jpg\" alt=\"\" width=\"720\" height=\"540\" srcset=\"https:\/\/ledenonciateur224.com\/wp-content\/uploads\/2025\/02\/fb-img-1740155160639.jpg 720w, https:\/\/ledenonciateur224.com\/wp-content\/uploads\/2025\/02\/fb-img-1740155160639-300x225.jpg 300w, https:\/\/ledenonciateur224.com\/wp-content\/uploads\/2025\/02\/fb-img-1740155160639-150x113.jpg 150w, https:\/\/ledenonciateur224.com\/wp-content\/uploads\/2025\/02\/fb-img-1740155160639-696x522.jpg 696w, https:\/\/ledenonciateur224.com\/wp-content\/uploads\/2025\/02\/fb-img-1740155160639-560x420.jpg 560w, https:\/\/ledenonciateur224.com\/wp-content\/uploads\/2025\/02\/fb-img-1740155160639-80x60.jpg 80w, https:\/\/ledenonciateur224.com\/wp-content\/uploads\/2025\/02\/fb-img-1740155160639-265x198.jpg 265w\" sizes=\"auto, (max-width: 720px) 100vw, 720px\" \/><\/p>\n<p>Lors de cette c\u00e9r\u00e9monie, le G\u00e9n\u00e9ral 2\u00e8me section Aboubacar Diakit\u00e9 a d\u00e9taill\u00e9 les contours du g\u00e9n\u00e9reux don, qui comprend 80 tonnes de riz, 80 tonnes de sucre et 30 tonnes d\u2019huile. Un soutien mat\u00e9riel d&rsquo;une grande importance pour les familles de Kindia, particuli\u00e8rement dans cette p\u00e9riode de je\u00fbne, marqu\u00e9e par des besoins accrus en nourriture. Ces produits de premi\u00e8re n\u00e9cessit\u00e9 visent \u00e0 all\u00e9ger les difficult\u00e9s rencontr\u00e9es par les habitants, en particulier ceux les plus vuln\u00e9rables, dans cette p\u00e9riode particuli\u00e8re.<\/p>\n<p>Ce geste t\u00e9moigne de l&rsquo;engagement continu du gouvernement de la Transition, sous la direction du Pr\u00e9sident Mamadi Doumbouya, \u00e0 am\u00e9liorer les conditions de vie des Guin\u00e9ens et \u00e0 soutenir les populations durant des moments cl\u00e9s comme le Ramadan. En effet, ce don fait \u00e9cho aux actions du gouvernement visant \u00e0 renforcer la solidarit\u00e9 nationale et \u00e0 r\u00e9pondre aux attentes de la population en mati\u00e8re d\u2019assistance humanitaire.<\/p>\n<p>Dans un cadre plus large, les autorit\u00e9s de la Transition, dirig\u00e9es par le Pr\u00e9sident Mamadi Doumbouya, se rendront \u00e0 Kindia pour une visite officielle de trois jours. Cette visite a pour objectif de mettre en avant les projets de d\u00e9veloppement r\u00e9alis\u00e9s par le gouvernement, tout en renfor\u00e7ant les liens entre les autorit\u00e9s et les citoyens. Un moment crucial pour \u00e9valuer les progr\u00e8s accomplis et faire preuve de proximit\u00e9 avec les habitants, dans une d\u00e9marche de transparence et de confiance.<\/p>\n<p>Ce don et la visite du Pr\u00e9sident soulignent la volont\u00e9 des autorit\u00e9s guin\u00e9ennes de ne m\u00e9nager aucun effort pour soutenir la population, particuli\u00e8rement dans les moments o\u00f9 la solidarit\u00e9 collective devient un pilier essentiel du vivre-ensemble.<\/p>\n<p>&nbsp;<\/p>\n<p>Ledenonciateur224.com<\/p>\n","protected":false},"excerpt":{"rendered":"<p>Le 21 f\u00e9vrier 2025, un geste de solidarit\u00e9 exceptionnel a \u00e9t\u00e9 pos\u00e9 \u00e0 l&rsquo;occasion du mois sacr\u00e9 du Ramadan, lorsque le G\u00e9n\u00e9ral Amara Camara, Secr\u00e9taire G\u00e9n\u00e9ral de la Pr\u00e9sidence de la R\u00e9publique de Guin\u00e9e, a offert un don alimentaire d\u2019envergure \u00e0 la population de la pr\u00e9fecture de Kindia. Ce geste humanitaire, marqu\u00e9 par la lecture [&hellip;]<\/p>\n","protected":false},"author":2,"featured_media":1552,"comment_status":"open","ping_status":"open","sticky":false,"template":"","format":"standard","meta":{"_jetpack_memberships_contains_paid_content":false,"footnotes":"","jetpack_publicize_message":"","jetpack_publicize_feature_enabled":true,"jetpack_social_post_already_shared":true,"jetpack_social_options":{"image_generator_settings":{"template":"highway","default_image_id":0,"font":"","enabled":false},"version":2}},"categories":[30,24,33],"tags":[383,295,382],"class_list":{"0":"post-1551","1":"post","2":"type-post","3":"status-publish","4":"format-standard","5":"has-post-thumbnail","7":"category-faits-divers","8":"category-news","9":"category-region","10":"tag-dont-de-denrees-alimentaires","11":"tag-general-amara-camara","12":"tag-kindia"},"jetpack_publicize_connections":[],"jetpack_featured_media_url":"https:\/\/ledenonciateur224.com\/wp-content\/uploads\/2025\/02\/fb-img-1740155172767.jpg","jetpack_sharing_enabled":true,"_links":{"self":[{"href":"https:\/\/ledenonciateur224.com\/index.php\/wp-json\/wp\/v2\/posts\/1551","targetHints":{"allow":["GET"]}}],"collection":[{"href":"https:\/\/ledenonciateur224.com\/index.php\/wp-json\/wp\/v2\/posts"}],"about":[{"href":"https:\/\/ledenonciateur224.com\/index.php\/wp-json\/wp\/v2\/types\/post"}],"author":[{"embeddable":true,"href":"https:\/\/ledenonciateur224.com\/index.php\/wp-json\/wp\/v2\/users\/2"}],"replies":[{"embeddable":true,"href":"https:\/\/ledenonciateur224.com\/index.php\/wp-json\/wp\/v2\/comments?post=1551"}],"version-history":[{"count":0,"href":"https:\/\/ledenonciateur224.com\/index.php\/wp-json\/wp\/v2\/posts\/1551\/revisions"}],"wp:featuredmedia":[{"embeddable":true,"href":"https:\/\/ledenonciateur224.com\/index.php\/wp-json\/wp\/v2\/media\/1552"}],"wp:attachment":[{"href":"https:\/\/ledenonciateur224.com\/index.php\/wp-json\/wp\/v2\/media?parent=1551"}],"wp:term":[{"taxonomy":"category","embeddable":true,"href":"https:\/\/ledenonciateur224.com\/index.php\/wp-json\/wp\/v2\/categories?post=1551"},{"taxonomy":"post_tag","embeddable":true,"href":"https:\/\/ledenonciateur224.com\/index.php\/wp-json\/wp\/v2\/tags?post=1551"}],"curies":[{"name":"wp","href":"https:\/\/api.w.org\/{rel}","templated":true}]}}