{"id":1558,"date":"2025-02-21T21:53:59","date_gmt":"2025-02-21T21:53:59","guid":{"rendered":"https:\/\/ledenonciateur224.com\/?p=1558"},"modified":"2025-02-21T21:53:59","modified_gmt":"2025-02-21T21:53:59","slug":"decret-declassement-dun-domaine-a-mafereya-destine-a-un-projet-daeroport-desormais-affecte-a-un-usage-mixte","status":"publish","type":"post","link":"https:\/\/ledenonciateur224.com\/index.php\/decret-declassement-dun-domaine-a-mafereya-destine-a-un-projet-daeroport-desormais-affecte-a-un-usage-mixte\/","title":{"rendered":"D\u00e9cret : D\u00e9classement d\u2019un domaine \u00e0 Maf\u00e9reya, destin\u00e9 \u00e0 un projet d\u2019a\u00e9roport d\u00e9sormais affect\u00e9 \u00e0 un usage mixte"},"content":{"rendered":"<p>Sur proposition du ministre de l\u2019Urbanisme, de l\u2019Habitat et de l\u2019Am\u00e9nagement du Territoire, le Pr\u00e9sident de la R\u00e9publique, le G\u00e9n\u00e9ral Mamadi Doumbouya, a pris un d\u00e9cret important concernant un domaine situ\u00e9 \u00e0 Maf\u00e9reya, dans la pr\u00e9fecture de For\u00e9cariah. Initialement destin\u00e9 \u00e0 la construction d\u2019un a\u00e9roport international, ce terrain de 6.429 hectares, enregistr\u00e9 sous le titre foncier num\u00e9ro 21.345\/2018 du 4 janvier 2018, voit son affectation modifi\u00e9e pour un usage mixte.<\/p>\n<p>Le d\u00e9cret, lu en soir\u00e9e sur la t\u00e9l\u00e9vision nationale, stipule que cette superficie de terrain, d\u2019une \u00e9tendue de 6.429 hectares 27 A 99,4 CA, sera d\u00e9sormais r\u00e9orient\u00e9e vers un projet qui n\u2019inclut plus uniquement l\u2019a\u00e9roport mais aussi un d\u00e9veloppement multifonctionnel.<\/p>\n<p>Le site sera l&rsquo;objet d&rsquo;une restructuration et d\u2019une r\u00e9gularisation afin de permettre \u00e0 l&rsquo;\u00c9tat de le r\u00e9cup\u00e9rer, conform\u00e9ment aux exigences du Code de l\u2019Urbanisme et du Code foncier et domanial. Cette d\u00e9marche vise \u00e0 optimiser l\u2019utilisation des terrains publics et \u00e0 renforcer la gouvernance fonci\u00e8re du pays.<\/p>\n<p>Les ministres responsables de l\u2019Urbanisme, de l\u2019Habitat et de l\u2019Am\u00e9nagement du Territoire, ainsi que ceux charg\u00e9s de la r\u00e9cup\u00e9ration des domaines de l\u2019\u00c9tat, des Transports, et de l\u2019Administration du territoire et de la d\u00e9centralisation, sont d\u00e9sormais mandat\u00e9s pour assurer l\u2019application rigoureuse de ce d\u00e9cret.<\/p>\n<p>&nbsp;<\/p>\n<p>Le changement d\u2019affectation de ce domaine marque une \u00e9tape importante dans la gestion des ressources fonci\u00e8res du pays et s&rsquo;inscrit dans la politique de d\u00e9veloppement durable port\u00e9e par l\u2019actuel gouvernement.<\/p>\n<p>&nbsp;<\/p>\n<p>Ledenonciateur224.com<\/p>\n","protected":false},"excerpt":{"rendered":"<p>Sur proposition du ministre de l\u2019Urbanisme, de l\u2019Habitat et de l\u2019Am\u00e9nagement du Territoire, le Pr\u00e9sident de la R\u00e9publique, le G\u00e9n\u00e9ral Mamadi Doumbouya, a pris un d\u00e9cret important concernant un domaine situ\u00e9 \u00e0 Maf\u00e9reya, dans la pr\u00e9fecture de For\u00e9cariah. Initialement destin\u00e9 \u00e0 la construction d\u2019un a\u00e9roport international, ce terrain de 6.429 hectares, enregistr\u00e9 sous le titre [&hellip;]<\/p>\n","protected":false},"author":2,"featured_media":774,"comment_status":"open","ping_status":"open","sticky":false,"template":"","format":"standard","meta":{"_jetpack_memberships_contains_paid_content":false,"footnotes":"","jetpack_publicize_message":"","jetpack_publicize_feature_enabled":true,"jetpack_social_post_already_shared":true,"jetpack_social_options":{"image_generator_settings":{"template":"highway","default_image_id":0,"font":"","enabled":false},"version":2}},"categories":[24,27],"tags":[100],"class_list":{"0":"post-1558","1":"post","2":"type-post","3":"status-publish","4":"format-standard","5":"has-post-thumbnail","7":"category-news","8":"category-politique","9":"tag-decret-du-president"},"jetpack_publicize_connections":[],"jetpack_featured_media_url":"https:\/\/ledenonciateur224.com\/wp-content\/uploads\/2025\/01\/mamadi-doumbouya-3-1.jpg","jetpack_sharing_enabled":true,"_links":{"self":[{"href":"https:\/\/ledenonciateur224.com\/index.php\/wp-json\/wp\/v2\/posts\/1558","targetHints":{"allow":["GET"]}}],"collection":[{"href":"https:\/\/ledenonciateur224.com\/index.php\/wp-json\/wp\/v2\/posts"}],"about":[{"href":"https:\/\/ledenonciateur224.com\/index.php\/wp-json\/wp\/v2\/types\/post"}],"author":[{"embeddable":true,"href":"https:\/\/ledenonciateur224.com\/index.php\/wp-json\/wp\/v2\/users\/2"}],"replies":[{"embeddable":true,"href":"https:\/\/ledenonciateur224.com\/index.php\/wp-json\/wp\/v2\/comments?post=1558"}],"version-history":[{"count":0,"href":"https:\/\/ledenonciateur224.com\/index.php\/wp-json\/wp\/v2\/posts\/1558\/revisions"}],"wp:featuredmedia":[{"embeddable":true,"href":"https:\/\/ledenonciateur224.com\/index.php\/wp-json\/wp\/v2\/media\/774"}],"wp:attachment":[{"href":"https:\/\/ledenonciateur224.com\/index.php\/wp-json\/wp\/v2\/media?parent=1558"}],"wp:term":[{"taxonomy":"category","embeddable":true,"href":"https:\/\/ledenonciateur224.com\/index.php\/wp-json\/wp\/v2\/categories?post=1558"},{"taxonomy":"post_tag","embeddable":true,"href":"https:\/\/ledenonciateur224.com\/index.php\/wp-json\/wp\/v2\/tags?post=1558"}],"curies":[{"name":"wp","href":"https:\/\/api.w.org\/{rel}","templated":true}]}}