{"id":1565,"date":"2025-02-22T14:13:14","date_gmt":"2025-02-22T14:13:14","guid":{"rendered":"https:\/\/ledenonciateur224.com\/?p=1565"},"modified":"2025-02-22T14:13:14","modified_gmt":"2025-02-22T14:13:14","slug":"le-general-doumbouya-pret-pour-une-victoire-ecrasante-le-ministre-amara-camara-lance-un-appel-a-lunite-et-a-lenrolement-massif","status":"publish","type":"post","link":"https:\/\/ledenonciateur224.com\/index.php\/le-general-doumbouya-pret-pour-une-victoire-ecrasante-le-ministre-amara-camara-lance-un-appel-a-lunite-et-a-lenrolement-massif\/","title":{"rendered":"Le G\u00e9n\u00e9ral Doumbouya pr\u00eat pour une victoire \u00e9crasante ? Le ministre Amara Camara lance un appel \u00e0 l\u2019unit\u00e9 et \u00e0 l&rsquo;enr\u00f4lement massif"},"content":{"rendered":"<p>Lors d\u2019une marche de soutien au Pr\u00e9sident de la transition, le 22 f\u00e9vrier 2025 \u00e0 Kindia, le ministre Secr\u00e9taire G\u00e9n\u00e9ral \u00e0 la Pr\u00e9sidence, G\u00e9n\u00e9ral Amara Camara, a \u00e9voqu\u00e9 la possibilit\u00e9 d&rsquo;une candidature du G\u00e9n\u00e9ral Mamadi Doumbouya aux futures \u00e9lections pr\u00e9sidentielles. Tout en soulignant que le Pr\u00e9sident de la R\u00e9publique n\u2019a pas encore officiellement annonc\u00e9 sa d\u00e9cision, il a invit\u00e9 les citoyens \u00e0 se faire recenser massivement pour assurer un large soutien au cas o\u00f9 Doumbouya se pr\u00e9senterait. Selon lui, un tel enr\u00f4lement serait essentiel pour garantir une victoire d\u00e8s le premier tour, afin de confirmer l\u2019adh\u00e9sion populaire au pouvoir en place.<\/p>\n<p>Dans son discours, Amara Camara a insist\u00e9 sur l\u2019importance de l&rsquo;unit\u00e9 nationale, pr\u00e9cisant que Doumbouya est un leader qui \u00e9coute son peuple et se soucie de leur bien-\u00eatre. Il a ajout\u00e9 que le pr\u00e9sident actuel \u00ab se bat jour apr\u00e8s jour pour am\u00e9liorer les conditions de vie \u00bb, et que ses actions parlent plus fort que ses paroles.<\/p>\n<p>Le ministre a \u00e9galement soulign\u00e9 que la Guin\u00e9e a fait des progr\u00e8s importants sur la sc\u00e8ne internationale, citant une r\u00e9cente mission \u00e0 l\u2019\u00e9tranger pour appuyer l\u2019id\u00e9e que le \u00ab repositionnement de notre pays est d\u00e9sormais une r\u00e9alit\u00e9 \u00bb. Ces propos viennent compl\u00e9ter une s\u00e9rie de r\u00e9alisations du CNRD mises en avant par d&rsquo;autres responsables lors de cet \u00e9v\u00e9nement.<\/p>\n<p>&nbsp;<\/p>\n<p>Ainsi, \u00e0 travers ces d\u00e9clarations, le ministre a non seulement renforc\u00e9 le soutien au pouvoir en place, mais aussi fait un appel \u00e0 la mobilisation et \u00e0 la coh\u00e9sion pour garantir le succ\u00e8s des prochaines \u00e9ch\u00e9ances \u00e9lectorales.<\/p>\n<p><em>Ledenonciateur224.com\u00a0<\/em><\/p>\n","protected":false},"excerpt":{"rendered":"<p>Lors d\u2019une marche de soutien au Pr\u00e9sident de la transition, le 22 f\u00e9vrier 2025 \u00e0 Kindia, le ministre Secr\u00e9taire G\u00e9n\u00e9ral \u00e0 la Pr\u00e9sidence, G\u00e9n\u00e9ral Amara Camara, a \u00e9voqu\u00e9 la possibilit\u00e9 d&rsquo;une candidature du G\u00e9n\u00e9ral Mamadi Doumbouya aux futures \u00e9lections pr\u00e9sidentielles. Tout en soulignant que le Pr\u00e9sident de la R\u00e9publique n\u2019a pas encore officiellement annonc\u00e9 sa [&hellip;]<\/p>\n","protected":false},"author":2,"featured_media":1566,"comment_status":"open","ping_status":"open","sticky":false,"template":"","format":"standard","meta":{"_jetpack_memberships_contains_paid_content":false,"footnotes":"","jetpack_publicize_message":"","jetpack_publicize_feature_enabled":true,"jetpack_social_post_already_shared":true,"jetpack_social_options":{"image_generator_settings":{"template":"highway","default_image_id":0,"font":"","enabled":false},"version":2}},"categories":[24,27],"tags":[243,295,382],"class_list":{"0":"post-1565","1":"post","2":"type-post","3":"status-publish","4":"format-standard","5":"has-post-thumbnail","7":"category-news","8":"category-politique","9":"tag-candidature-du-general-mamadi-doumbouya","10":"tag-general-amara-camara","11":"tag-kindia"},"jetpack_publicize_connections":[],"jetpack_featured_media_url":"https:\/\/ledenonciateur224.com\/wp-content\/uploads\/2025\/02\/amara-camara-750x500-1.jpg","jetpack_sharing_enabled":true,"_links":{"self":[{"href":"https:\/\/ledenonciateur224.com\/index.php\/wp-json\/wp\/v2\/posts\/1565","targetHints":{"allow":["GET"]}}],"collection":[{"href":"https:\/\/ledenonciateur224.com\/index.php\/wp-json\/wp\/v2\/posts"}],"about":[{"href":"https:\/\/ledenonciateur224.com\/index.php\/wp-json\/wp\/v2\/types\/post"}],"author":[{"embeddable":true,"href":"https:\/\/ledenonciateur224.com\/index.php\/wp-json\/wp\/v2\/users\/2"}],"replies":[{"embeddable":true,"href":"https:\/\/ledenonciateur224.com\/index.php\/wp-json\/wp\/v2\/comments?post=1565"}],"version-history":[{"count":0,"href":"https:\/\/ledenonciateur224.com\/index.php\/wp-json\/wp\/v2\/posts\/1565\/revisions"}],"wp:featuredmedia":[{"embeddable":true,"href":"https:\/\/ledenonciateur224.com\/index.php\/wp-json\/wp\/v2\/media\/1566"}],"wp:attachment":[{"href":"https:\/\/ledenonciateur224.com\/index.php\/wp-json\/wp\/v2\/media?parent=1565"}],"wp:term":[{"taxonomy":"category","embeddable":true,"href":"https:\/\/ledenonciateur224.com\/index.php\/wp-json\/wp\/v2\/categories?post=1565"},{"taxonomy":"post_tag","embeddable":true,"href":"https:\/\/ledenonciateur224.com\/index.php\/wp-json\/wp\/v2\/tags?post=1565"}],"curies":[{"name":"wp","href":"https:\/\/api.w.org\/{rel}","templated":true}]}}