{"id":1571,"date":"2025-02-22T20:45:14","date_gmt":"2025-02-22T20:45:14","guid":{"rendered":"https:\/\/ledenonciateur224.com\/?p=1571"},"modified":"2025-02-22T20:45:14","modified_gmt":"2025-02-22T20:45:14","slug":"parlement-tv-laudace-dune-vision-realisee-grace-au-leadership-du-president-du-cnt-dr-dansa-kourouma","status":"publish","type":"post","link":"https:\/\/ledenonciateur224.com\/index.php\/parlement-tv-laudace-dune-vision-realisee-grace-au-leadership-du-president-du-cnt-dr-dansa-kourouma\/","title":{"rendered":"Parlement TV : L&rsquo;audace d&rsquo;une vision r\u00e9alis\u00e9e gr\u00e2ce au leadership du pr\u00e9sident du CNT, Dr Dansa Kourouma"},"content":{"rendered":"<p><strong>Sous la direction inspirante de Dr Dansa Kourouma, Parlement TV devient un vecteur incontournable de transparence et de participation citoyenne.<\/strong><\/p>\n<p><img loading=\"lazy\" decoding=\"async\" class=\"alignnone size-full wp-image-1572\" src=\"https:\/\/ledenonciateur224.com\/wp-content\/uploads\/2025\/02\/img-20250222-wa0074.jpg\" alt=\"\" width=\"1080\" height=\"718\" srcset=\"https:\/\/ledenonciateur224.com\/wp-content\/uploads\/2025\/02\/img-20250222-wa0074.jpg 1080w, https:\/\/ledenonciateur224.com\/wp-content\/uploads\/2025\/02\/img-20250222-wa0074-300x199.jpg 300w, https:\/\/ledenonciateur224.com\/wp-content\/uploads\/2025\/02\/img-20250222-wa0074-1024x681.jpg 1024w, https:\/\/ledenonciateur224.com\/wp-content\/uploads\/2025\/02\/img-20250222-wa0074-768x511.jpg 768w, https:\/\/ledenonciateur224.com\/wp-content\/uploads\/2025\/02\/img-20250222-wa0074-150x100.jpg 150w, https:\/\/ledenonciateur224.com\/wp-content\/uploads\/2025\/02\/img-20250222-wa0074-696x463.jpg 696w, https:\/\/ledenonciateur224.com\/wp-content\/uploads\/2025\/02\/img-20250222-wa0074-1068x710.jpg 1068w, https:\/\/ledenonciateur224.com\/wp-content\/uploads\/2025\/02\/img-20250222-wa0074-632x420.jpg 632w\" sizes=\"auto, (max-width: 1080px) 100vw, 1080px\" \/><\/p>\n<p>\u00ab\u00a0La t\u00e9l\u00e9vision est une fen\u00eatre ouverte sur le monde, elle \u00e9claire les esprits et renforce la d\u00e9mocratie.\u00a0\u00bb Cet adage r\u00e9sume parfaitement l\u2019importance de la t\u00e9l\u00e9vision parlementaire, qui voit officiellement le jour ce vendredi 21 f\u00e9vrier 2025 au Palais du peuple. Une premi\u00e8re dans l\u2019histoire de notre pays qui symbolise l\u2019engagement du Conseil National de la Transition (CNT) \u00e0 rapprocher les institutions des citoyens.<\/p>\n<p><img loading=\"lazy\" decoding=\"async\" class=\"alignnone size-full wp-image-1573\" src=\"https:\/\/ledenonciateur224.com\/wp-content\/uploads\/2025\/02\/img-20250222-wa0147.jpg\" alt=\"\" width=\"1080\" height=\"718\" srcset=\"https:\/\/ledenonciateur224.com\/wp-content\/uploads\/2025\/02\/img-20250222-wa0147.jpg 1080w, https:\/\/ledenonciateur224.com\/wp-content\/uploads\/2025\/02\/img-20250222-wa0147-300x199.jpg 300w, https:\/\/ledenonciateur224.com\/wp-content\/uploads\/2025\/02\/img-20250222-wa0147-1024x681.jpg 1024w, https:\/\/ledenonciateur224.com\/wp-content\/uploads\/2025\/02\/img-20250222-wa0147-768x511.jpg 768w, https:\/\/ledenonciateur224.com\/wp-content\/uploads\/2025\/02\/img-20250222-wa0147-150x100.jpg 150w, https:\/\/ledenonciateur224.com\/wp-content\/uploads\/2025\/02\/img-20250222-wa0147-696x463.jpg 696w, https:\/\/ledenonciateur224.com\/wp-content\/uploads\/2025\/02\/img-20250222-wa0147-1068x710.jpg 1068w, https:\/\/ledenonciateur224.com\/wp-content\/uploads\/2025\/02\/img-20250222-wa0147-632x420.jpg 632w\" sizes=\"auto, (max-width: 1080px) 100vw, 1080px\" \/><\/p>\n<p>La vision est celle du Pr\u00e9sident de la R\u00e9publique, son Excellence le G\u00e9n\u00e9ral Mamadi Doumbouya. Sa concr\u00e9tisation a \u00e9t\u00e9 possible gr\u00e2ce au leadership \u00e9clair\u00e9 du Pr\u00e9sident du CNT, Dr Dansa Kourouma. \u00c0 travers son engagement ind\u00e9fectible et son audace r\u00e9formatrice, il a su transformer un projet ambitieux en une r\u00e9alit\u00e9 palpable. Avec l\u2019appui du Programme des Nations Unies pour le D\u00e9veloppement (PNUD), la Guin\u00e9e dispose d\u00e9sormais d\u2019une cha\u00eene d\u00e9di\u00e9e entre autres \u00e0 la vie parlementaire, une avanc\u00e9e majeure pour la transparence et la d\u00e9mocratie.<\/p>\n<p><img loading=\"lazy\" decoding=\"async\" class=\"alignnone size-full wp-image-1574\" src=\"https:\/\/ledenonciateur224.com\/wp-content\/uploads\/2025\/02\/img-20250221-wa0139.jpg\" alt=\"\" width=\"750\" height=\"1128\" srcset=\"https:\/\/ledenonciateur224.com\/wp-content\/uploads\/2025\/02\/img-20250221-wa0139.jpg 750w, https:\/\/ledenonciateur224.com\/wp-content\/uploads\/2025\/02\/img-20250221-wa0139-199x300.jpg 199w, https:\/\/ledenonciateur224.com\/wp-content\/uploads\/2025\/02\/img-20250221-wa0139-681x1024.jpg 681w, https:\/\/ledenonciateur224.com\/wp-content\/uploads\/2025\/02\/img-20250221-wa0139-150x226.jpg 150w, https:\/\/ledenonciateur224.com\/wp-content\/uploads\/2025\/02\/img-20250221-wa0139-300x451.jpg 300w, https:\/\/ledenonciateur224.com\/wp-content\/uploads\/2025\/02\/img-20250221-wa0139-696x1047.jpg 696w, https:\/\/ledenonciateur224.com\/wp-content\/uploads\/2025\/02\/img-20250221-wa0139-279x420.jpg 279w\" sizes=\"auto, (max-width: 750px) 100vw, 750px\" \/><\/p>\n<p>Le Pr\u00e9sident du CNT, qu\u2019on l\u2019aime ou pas, incarne des valeurs de rigueur, de travail et un patriotisme sans faille. Ses collaborateurs, parfois sceptiques face \u00e0 l\u2019envergure de ses id\u00e9es, finissent toujours par reconna\u00eetre son sens aigu de l\u2019anticipation. Avec lui, l\u2019impossible devient possible, Parlement TV en est une parfaite illustration et quoi dire de l\u2019avancement spectaculaire des travaux de construction du premier si\u00e8ge de l\u2019Assembl\u00e9e nationale !<\/p>\n<p>&nbsp;<\/p>\n<p>Parlement TV, cette nouvelle cha\u00eene ne se contente pas de diffuser des d\u00e9bats et d\u00e9lib\u00e9rations institutionnels ; elle vise notamment \u00e0 rendre lisibles et accessibles les activit\u00e9s du CNT, \u00e0 promouvoir les acquis du Comit\u00e9 National du Rassemblement pour le D\u00e9veloppement (CNRD), \u00e0 vulgariser les textes de loi, \u00e0 donner la parole aux populations pour exprimer leurs attentes et pr\u00e9occupations et \u00e0 renforcer la reddition des comptes. Par une grille de programmes riche, diversifi\u00e9e et dynamique, de nombreuses \u00e9missions seront diffus\u00e9es en plusieurs langues nationales. La nouvelle chaine faite par et pour les Guin\u00e9ens, r\u00e9unit les populations autour d\u2019un id\u00e9al commun : une gouvernance transparente et participative.<\/p>\n<p>D\u00e9sormais, les t\u00e9l\u00e9spectateurs pourront suivre en temps r\u00e9el l\u2019action parlementaire avec le num\u00e9ro *120* sur Startimes et bient\u00f4t sur Canal et d\u2019autres bouquets. Ce m\u00e9dium moderne avec des \u00e9quipements de derni\u00e8re technologie permettra aux Guin\u00e9ens de mieux comprendre les textes de loi qui r\u00e9gissent leur quotidien. Parlement TV devient ainsi un instrument d\u2019\u00e9veil citoyen et un pilier de consolidation de la refondation en cours et de notre d\u00e9mocratie.<\/p>\n<p>Avec cette initiative, Dr Dansa Kourouma confirme encore une fois sa volont\u00e9 de moderniser l\u2019action parlementaire et d\u2019impliquer chaque citoyen dans la gestion des affaires publiques. Avec Parlement TV, nous vivons une r\u00e9volution m\u00e9diatique au service du peuple. Une t\u00e9l\u00e9 qui nous ressemble et nous rassemble.<\/p>\n<p>&nbsp;<\/p>\n<p>Oumar Diakhaby<\/p>\n<p>Directeur de la DCI-CNT<\/p>\n","protected":false},"excerpt":{"rendered":"<p>Sous la direction inspirante de Dr Dansa Kourouma, Parlement TV devient un vecteur incontournable de transparence et de participation citoyenne. \u00ab\u00a0La t\u00e9l\u00e9vision est une fen\u00eatre ouverte sur le monde, elle \u00e9claire les esprits et renforce la d\u00e9mocratie.\u00a0\u00bb Cet adage r\u00e9sume parfaitement l\u2019importance de la t\u00e9l\u00e9vision parlementaire, qui voit officiellement le jour ce vendredi 21 f\u00e9vrier [&hellip;]<\/p>\n","protected":false},"author":2,"featured_media":1575,"comment_status":"open","ping_status":"open","sticky":false,"template":"","format":"standard","meta":{"_jetpack_memberships_contains_paid_content":false,"footnotes":"","jetpack_publicize_message":"","jetpack_publicize_feature_enabled":true,"jetpack_social_post_already_shared":true,"jetpack_social_options":{"image_generator_settings":{"template":"highway","default_image_id":0,"font":"","enabled":false},"version":2}},"categories":[25,30,24],"tags":[35,387,386],"class_list":{"0":"post-1571","1":"post","2":"type-post","3":"status-publish","4":"format-standard","5":"has-post-thumbnail","7":"category-annonce","8":"category-faits-divers","9":"category-news","10":"tag-guinee","11":"tag-parlementaire","12":"tag-television"},"jetpack_publicize_connections":[],"jetpack_featured_media_url":"https:\/\/ledenonciateur224.com\/wp-content\/uploads\/2025\/02\/img-20250222-wa0150.jpg","jetpack_sharing_enabled":true,"_links":{"self":[{"href":"https:\/\/ledenonciateur224.com\/index.php\/wp-json\/wp\/v2\/posts\/1571","targetHints":{"allow":["GET"]}}],"collection":[{"href":"https:\/\/ledenonciateur224.com\/index.php\/wp-json\/wp\/v2\/posts"}],"about":[{"href":"https:\/\/ledenonciateur224.com\/index.php\/wp-json\/wp\/v2\/types\/post"}],"author":[{"embeddable":true,"href":"https:\/\/ledenonciateur224.com\/index.php\/wp-json\/wp\/v2\/users\/2"}],"replies":[{"embeddable":true,"href":"https:\/\/ledenonciateur224.com\/index.php\/wp-json\/wp\/v2\/comments?post=1571"}],"version-history":[{"count":0,"href":"https:\/\/ledenonciateur224.com\/index.php\/wp-json\/wp\/v2\/posts\/1571\/revisions"}],"wp:featuredmedia":[{"embeddable":true,"href":"https:\/\/ledenonciateur224.com\/index.php\/wp-json\/wp\/v2\/media\/1575"}],"wp:attachment":[{"href":"https:\/\/ledenonciateur224.com\/index.php\/wp-json\/wp\/v2\/media?parent=1571"}],"wp:term":[{"taxonomy":"category","embeddable":true,"href":"https:\/\/ledenonciateur224.com\/index.php\/wp-json\/wp\/v2\/categories?post=1571"},{"taxonomy":"post_tag","embeddable":true,"href":"https:\/\/ledenonciateur224.com\/index.php\/wp-json\/wp\/v2\/tags?post=1571"}],"curies":[{"name":"wp","href":"https:\/\/api.w.org\/{rel}","templated":true}]}}