{"id":1577,"date":"2025-02-22T21:02:35","date_gmt":"2025-02-22T21:02:35","guid":{"rendered":"https:\/\/ledenonciateur224.com\/?p=1577"},"modified":"2025-02-22T21:02:35","modified_gmt":"2025-02-22T21:02:35","slug":"kindia-en-effervescence-une-marche-massive-pour-celebrer-les-realisations-du-president-mamadi-doumbouya","status":"publish","type":"post","link":"https:\/\/ledenonciateur224.com\/index.php\/kindia-en-effervescence-une-marche-massive-pour-celebrer-les-realisations-du-president-mamadi-doumbouya\/","title":{"rendered":"Kindia en effervescence : Une marche massive pour c\u00e9l\u00e9brer les r\u00e9alisations du Pr\u00e9sident Mamadi Doumbouya"},"content":{"rendered":"<p><strong>Le 22 f\u00e9vrier 2025, la ville de Kindia a vibr\u00e9 au rythme d&rsquo;une marche de soutien, t\u00e9moignant de l&rsquo;unit\u00e9 et de l&rsquo;engagement des citoyens envers le Pr\u00e9sident, le G\u00e9n\u00e9ral Mamadi Doumbouya.<\/strong><\/p>\n<p>Le samedi 22 f\u00e9vrier 2025, Kindia, situ\u00e9e en Basse Guin\u00e9e, a \u00e9t\u00e9 le th\u00e9\u00e2tre d&rsquo;une mobilisation exceptionnelle. Des milliers de citoyens se sont rassembl\u00e9s pour participer \u00e0 la \u00ab Marche de Rassemblement \u00bb, une initiative visant \u00e0 exprimer leur gratitude et leur soutien ind\u00e9fectible au Pr\u00e9sident de la R\u00e9publique,\u00a0 le G\u00e9n\u00e9ral Mamadi Doumbouya.<\/p>\n<p><img loading=\"lazy\" decoding=\"async\" class=\"alignnone size-full wp-image-1578\" src=\"https:\/\/ledenonciateur224.com\/wp-content\/uploads\/2025\/02\/fb-img-1740257546584.jpg\" alt=\"\" width=\"720\" height=\"405\" srcset=\"https:\/\/ledenonciateur224.com\/wp-content\/uploads\/2025\/02\/fb-img-1740257546584.jpg 720w, https:\/\/ledenonciateur224.com\/wp-content\/uploads\/2025\/02\/fb-img-1740257546584-300x169.jpg 300w, https:\/\/ledenonciateur224.com\/wp-content\/uploads\/2025\/02\/fb-img-1740257546584-150x84.jpg 150w, https:\/\/ledenonciateur224.com\/wp-content\/uploads\/2025\/02\/fb-img-1740257546584-696x392.jpg 696w\" sizes=\"auto, (max-width: 720px) 100vw, 720px\" \/><\/p>\n<p>Cette marche s&rsquo;inscrit dans une s\u00e9rie d&rsquo;\u00e9v\u00e9nements organis\u00e9s pour c\u00e9l\u00e9brer les acquis du Comit\u00e9 National du Rassemblement pour le D\u00e9veloppement (CNRD) depuis le 5 septembre 2021. Les participants ont r\u00e9affirm\u00e9 leur engagement envers les id\u00e9aux du Pr\u00e9sident et ont salu\u00e9 les progr\u00e8s r\u00e9alis\u00e9s sous sa direction.<\/p>\n<p>Le G\u00e9n\u00e9ral Amara Camara, ministre secr\u00e9taire g\u00e9n\u00e9ral de la pr\u00e9sidence, a pris la parole lors de l&rsquo;\u00e9v\u00e9nement, soulignant l&rsquo;importance de l&rsquo;unit\u00e9 nationale et appelant \u00e0 un recensement massif des citoyens en vue des prochaines \u00e9lections pr\u00e9sidentielles. Il a \u00e9galement exprim\u00e9 l&rsquo;ambition d&rsquo;obtenir une victoire d\u00e8s le premier tour pour le Pr\u00e9sident Doumbouya.<\/p>\n<p><img loading=\"lazy\" decoding=\"async\" class=\"alignnone size-full wp-image-1579\" src=\"https:\/\/ledenonciateur224.com\/wp-content\/uploads\/2025\/02\/fb-img-1740257451805.jpg\" alt=\"\" width=\"720\" height=\"480\" srcset=\"https:\/\/ledenonciateur224.com\/wp-content\/uploads\/2025\/02\/fb-img-1740257451805.jpg 720w, https:\/\/ledenonciateur224.com\/wp-content\/uploads\/2025\/02\/fb-img-1740257451805-300x200.jpg 300w, https:\/\/ledenonciateur224.com\/wp-content\/uploads\/2025\/02\/fb-img-1740257451805-150x100.jpg 150w, https:\/\/ledenonciateur224.com\/wp-content\/uploads\/2025\/02\/fb-img-1740257451805-696x464.jpg 696w, https:\/\/ledenonciateur224.com\/wp-content\/uploads\/2025\/02\/fb-img-1740257451805-630x420.jpg 630w\" sizes=\"auto, (max-width: 720px) 100vw, 720px\" \/><\/p>\n<p>Parall\u00e8lement \u00e0 la marche, des actions symboliques ont eu lieu, notamment le paiement de la caution pour la candidature du Pr\u00e9sident Doumbouya \u00e0 la prochaine pr\u00e9sidentielle, t\u00e9moignant de l&rsquo;engagement concret des citoyens envers le processus \u00e9lectoral.<\/p>\n<p><img loading=\"lazy\" decoding=\"async\" class=\"alignnone size-full wp-image-1580\" src=\"https:\/\/ledenonciateur224.com\/wp-content\/uploads\/2025\/02\/fb-img-1740257512912.jpg\" alt=\"\" width=\"720\" height=\"480\" srcset=\"https:\/\/ledenonciateur224.com\/wp-content\/uploads\/2025\/02\/fb-img-1740257512912.jpg 720w, https:\/\/ledenonciateur224.com\/wp-content\/uploads\/2025\/02\/fb-img-1740257512912-300x200.jpg 300w, https:\/\/ledenonciateur224.com\/wp-content\/uploads\/2025\/02\/fb-img-1740257512912-150x100.jpg 150w, https:\/\/ledenonciateur224.com\/wp-content\/uploads\/2025\/02\/fb-img-1740257512912-696x464.jpg 696w, https:\/\/ledenonciateur224.com\/wp-content\/uploads\/2025\/02\/fb-img-1740257512912-630x420.jpg 630w\" sizes=\"auto, (max-width: 720px) 100vw, 720px\" \/><\/p>\n<p>Cette mobilisation \u00e0 Kindia refl\u00e8te un soutien populaire croissant envers le Pr\u00e9sident Mamadi Doumbouya et son gouvernement, illustrant une dynamique de coh\u00e9sion et de participation citoyenne en Guin\u00e9e.<\/p>\n<p>&nbsp;<\/p>\n<p><strong>Ledenonciateur224.com\u00a0<\/strong><\/p>\n","protected":false},"excerpt":{"rendered":"<p>Le 22 f\u00e9vrier 2025, la ville de Kindia a vibr\u00e9 au rythme d&rsquo;une marche de soutien, t\u00e9moignant de l&rsquo;unit\u00e9 et de l&rsquo;engagement des citoyens envers le Pr\u00e9sident, le G\u00e9n\u00e9ral Mamadi Doumbouya. Le samedi 22 f\u00e9vrier 2025, Kindia, situ\u00e9e en Basse Guin\u00e9e, a \u00e9t\u00e9 le th\u00e9\u00e2tre d&rsquo;une mobilisation exceptionnelle. Des milliers de citoyens se sont rassembl\u00e9s [&hellip;]<\/p>\n","protected":false},"author":2,"featured_media":1581,"comment_status":"open","ping_status":"open","sticky":false,"template":"","format":"standard","meta":{"_jetpack_memberships_contains_paid_content":false,"footnotes":"","jetpack_publicize_message":"","jetpack_publicize_feature_enabled":true,"jetpack_social_post_already_shared":true,"jetpack_social_options":{"image_generator_settings":{"template":"highway","default_image_id":0,"font":"","enabled":false},"version":2}},"categories":[24,27,33],"tags":[243,44,295,388],"class_list":{"0":"post-1577","1":"post","2":"type-post","3":"status-publish","4":"format-standard","5":"has-post-thumbnail","7":"category-news","8":"category-politique","9":"category-region","10":"tag-candidature-du-general-mamadi-doumbouya","11":"tag-cnrd","12":"tag-general-amara-camara","13":"tag-marche-a-kindia"},"jetpack_publicize_connections":[],"jetpack_featured_media_url":"https:\/\/ledenonciateur224.com\/wp-content\/uploads\/2025\/02\/fb-img-1740257522303.jpg","jetpack_sharing_enabled":true,"_links":{"self":[{"href":"https:\/\/ledenonciateur224.com\/index.php\/wp-json\/wp\/v2\/posts\/1577","targetHints":{"allow":["GET"]}}],"collection":[{"href":"https:\/\/ledenonciateur224.com\/index.php\/wp-json\/wp\/v2\/posts"}],"about":[{"href":"https:\/\/ledenonciateur224.com\/index.php\/wp-json\/wp\/v2\/types\/post"}],"author":[{"embeddable":true,"href":"https:\/\/ledenonciateur224.com\/index.php\/wp-json\/wp\/v2\/users\/2"}],"replies":[{"embeddable":true,"href":"https:\/\/ledenonciateur224.com\/index.php\/wp-json\/wp\/v2\/comments?post=1577"}],"version-history":[{"count":0,"href":"https:\/\/ledenonciateur224.com\/index.php\/wp-json\/wp\/v2\/posts\/1577\/revisions"}],"wp:featuredmedia":[{"embeddable":true,"href":"https:\/\/ledenonciateur224.com\/index.php\/wp-json\/wp\/v2\/media\/1581"}],"wp:attachment":[{"href":"https:\/\/ledenonciateur224.com\/index.php\/wp-json\/wp\/v2\/media?parent=1577"}],"wp:term":[{"taxonomy":"category","embeddable":true,"href":"https:\/\/ledenonciateur224.com\/index.php\/wp-json\/wp\/v2\/categories?post=1577"},{"taxonomy":"post_tag","embeddable":true,"href":"https:\/\/ledenonciateur224.com\/index.php\/wp-json\/wp\/v2\/tags?post=1577"}],"curies":[{"name":"wp","href":"https:\/\/api.w.org\/{rel}","templated":true}]}}