{"id":1583,"date":"2025-02-22T21:34:01","date_gmt":"2025-02-22T21:34:01","guid":{"rendered":"https:\/\/ledenonciateur224.com\/?p=1583"},"modified":"2025-02-22T21:34:01","modified_gmt":"2025-02-22T21:34:01","slug":"kindia-amadou-doumbouya-ancien-dg-de-la-sonap-en-tete-dune-immense-mobilisation-en-soutien-au-general-mamadi-doumbouya","status":"publish","type":"post","link":"https:\/\/ledenonciateur224.com\/index.php\/kindia-amadou-doumbouya-ancien-dg-de-la-sonap-en-tete-dune-immense-mobilisation-en-soutien-au-general-mamadi-doumbouya\/","title":{"rendered":"Kindia : Amadou Doumbouya, ancien DG de la SONAP, en t\u00eate d&rsquo;une immense mobilisation en soutien au G\u00e9n\u00e9ral Mamadi Doumbouya"},"content":{"rendered":"<p><em>Une d\u00e9monstration de force populaire en faveur du pr\u00e9sident guin\u00e9en, symbolis\u00e9e par la pr\u00e9sence active d&rsquo;Amadou Doumbouya.<\/em><\/p>\n<p>Ce samedi 22 f\u00e9vrier 2025, la ville de Kindia a \u00e9t\u00e9 le th\u00e9\u00e2tre d&rsquo;une grande mobilisation populaire, marqu\u00e9e par une forte participation des citoyens de la Basse-Guin\u00e9e. Ils \u00e9taient venus c\u00e9l\u00e9brer les r\u00e9alisations du Comit\u00e9 National du Rassemblement pour le D\u00e9veloppement (CNRD) depuis sa prise de pouvoir le 5 septembre 2021, et exprimer leur soutien sans faille au G\u00e9n\u00e9ral Mamadi Doumbouya, le pr\u00e9sident de la R\u00e9publique.<\/p>\n<p><img loading=\"lazy\" decoding=\"async\" class=\"alignnone size-full wp-image-1585\" src=\"https:\/\/ledenonciateur224.com\/wp-content\/uploads\/2025\/02\/fb-img-1740258403164.jpg\" alt=\"\" width=\"720\" height=\"604\" srcset=\"https:\/\/ledenonciateur224.com\/wp-content\/uploads\/2025\/02\/fb-img-1740258403164.jpg 720w, https:\/\/ledenonciateur224.com\/wp-content\/uploads\/2025\/02\/fb-img-1740258403164-300x252.jpg 300w, https:\/\/ledenonciateur224.com\/wp-content\/uploads\/2025\/02\/fb-img-1740258403164-150x126.jpg 150w, https:\/\/ledenonciateur224.com\/wp-content\/uploads\/2025\/02\/fb-img-1740258403164-696x584.jpg 696w, https:\/\/ledenonciateur224.com\/wp-content\/uploads\/2025\/02\/fb-img-1740258403164-501x420.jpg 501w\" sizes=\"auto, (max-width: 720px) 100vw, 720px\" \/><\/p>\n<p>Au c\u0153ur de cette mobilisation se trouvait Amadou Doumbouya, ancien directeur g\u00e9n\u00e9ral de la SONAP. Bien que son mandat \u00e0 la t\u00eate de cette institution ait pris fin, l&rsquo;ex-responsable ne manque jamais l\u2019occasion de manifester son soutien ind\u00e9fectible au pr\u00e9sident Mamadi Doumbouya et \u00e0 son \u00e9quipe. Son engagement pour le d\u00e9veloppement de la Guin\u00e9e est sans rel\u00e2che, et sa pr\u00e9sence \u00e0 cette marche symbolise un acte fort de reconnaissance envers le leadership du CNRD.<\/p>\n<p><img loading=\"lazy\" decoding=\"async\" class=\"alignnone size-full wp-image-1586\" src=\"https:\/\/ledenonciateur224.com\/wp-content\/uploads\/2025\/02\/fb-img-1740258256626.jpg\" alt=\"\" width=\"720\" height=\"480\" srcset=\"https:\/\/ledenonciateur224.com\/wp-content\/uploads\/2025\/02\/fb-img-1740258256626.jpg 720w, https:\/\/ledenonciateur224.com\/wp-content\/uploads\/2025\/02\/fb-img-1740258256626-300x200.jpg 300w, https:\/\/ledenonciateur224.com\/wp-content\/uploads\/2025\/02\/fb-img-1740258256626-150x100.jpg 150w, https:\/\/ledenonciateur224.com\/wp-content\/uploads\/2025\/02\/fb-img-1740258256626-696x464.jpg 696w, https:\/\/ledenonciateur224.com\/wp-content\/uploads\/2025\/02\/fb-img-1740258256626-630x420.jpg 630w\" sizes=\"auto, (max-width: 720px) 100vw, 720px\" \/><\/p>\n<p>Les participants \u00e0 l&rsquo;\u00e9v\u00e9nement ont salu\u00e9 non seulement les efforts du CNRD pour le d\u00e9veloppement du pays, mais aussi l&rsquo;engagement d&rsquo;Amadou Doumbouya qui, malgr\u00e9 son d\u00e9part de la SONAP, demeure une figure importante dans le soutien \u00e0 la transition et aux projets nationaux. Cette mobilisation t\u00e9moigne de la confiance populaire dans la direction actuelle et de l\u2019adh\u00e9sion massive aux projets qui fa\u00e7onnent un avenir plus stable et prosp\u00e8re pour la Guin\u00e9e.<\/p>\n<p><img loading=\"lazy\" decoding=\"async\" class=\"alignnone size-full wp-image-1587\" src=\"https:\/\/ledenonciateur224.com\/wp-content\/uploads\/2025\/02\/fb-img-1740258417903.jpg\" alt=\"\" width=\"720\" height=\"480\" srcset=\"https:\/\/ledenonciateur224.com\/wp-content\/uploads\/2025\/02\/fb-img-1740258417903.jpg 720w, https:\/\/ledenonciateur224.com\/wp-content\/uploads\/2025\/02\/fb-img-1740258417903-300x200.jpg 300w, https:\/\/ledenonciateur224.com\/wp-content\/uploads\/2025\/02\/fb-img-1740258417903-150x100.jpg 150w, https:\/\/ledenonciateur224.com\/wp-content\/uploads\/2025\/02\/fb-img-1740258417903-696x464.jpg 696w, https:\/\/ledenonciateur224.com\/wp-content\/uploads\/2025\/02\/fb-img-1740258417903-630x420.jpg 630w\" sizes=\"auto, (max-width: 720px) 100vw, 720px\" \/><\/p>\n<p>L\u2019\u00e9v\u00e9nement a donc renforc\u00e9 le message de solidarit\u00e9 et de soutien au G\u00e9n\u00e9ral Mamadi Doumbouya, dont le programme de gouvernance suscite de plus en plus de soutiens \u00e0 travers le pays.<\/p>\n<p><img loading=\"lazy\" decoding=\"async\" class=\"alignnone size-full wp-image-1588\" src=\"https:\/\/ledenonciateur224.com\/wp-content\/uploads\/2025\/02\/fb-img-1740244774981.jpg\" alt=\"\" width=\"720\" height=\"479\" srcset=\"https:\/\/ledenonciateur224.com\/wp-content\/uploads\/2025\/02\/fb-img-1740244774981.jpg 720w, https:\/\/ledenonciateur224.com\/wp-content\/uploads\/2025\/02\/fb-img-1740244774981-300x200.jpg 300w, https:\/\/ledenonciateur224.com\/wp-content\/uploads\/2025\/02\/fb-img-1740244774981-150x100.jpg 150w, https:\/\/ledenonciateur224.com\/wp-content\/uploads\/2025\/02\/fb-img-1740244774981-696x463.jpg 696w, https:\/\/ledenonciateur224.com\/wp-content\/uploads\/2025\/02\/fb-img-1740244774981-631x420.jpg 631w\" sizes=\"auto, (max-width: 720px) 100vw, 720px\" \/><\/p>\n<p>Cette d\u00e9monstration \u00e0 Kindia est une preuve que la Guin\u00e9e avance avec une majorit\u00e9 d\u00e9termin\u00e9e \u00e0 voir se r\u00e9aliser les ambitions de d\u00e9veloppement national.<\/p>\n<p>&nbsp;<\/p>\n<p>Aboubacar Moussa Camara<\/p>\n<p>622 42 41 87<\/p>\n","protected":false},"excerpt":{"rendered":"<p>Une d\u00e9monstration de force populaire en faveur du pr\u00e9sident guin\u00e9en, symbolis\u00e9e par la pr\u00e9sence active d&rsquo;Amadou Doumbouya. Ce samedi 22 f\u00e9vrier 2025, la ville de Kindia a \u00e9t\u00e9 le th\u00e9\u00e2tre d&rsquo;une grande mobilisation populaire, marqu\u00e9e par une forte participation des citoyens de la Basse-Guin\u00e9e. Ils \u00e9taient venus c\u00e9l\u00e9brer les r\u00e9alisations du Comit\u00e9 National du Rassemblement [&hellip;]<\/p>\n","protected":false},"author":2,"featured_media":1584,"comment_status":"open","ping_status":"open","sticky":false,"template":"","format":"standard","meta":{"_jetpack_memberships_contains_paid_content":false,"footnotes":"","jetpack_publicize_message":"","jetpack_publicize_feature_enabled":true,"jetpack_social_post_already_shared":true,"jetpack_social_options":{"image_generator_settings":{"template":"highway","default_image_id":0,"font":"","enabled":false},"version":2}},"categories":[24,27,33],"tags":[243,389],"class_list":{"0":"post-1583","1":"post","2":"type-post","3":"status-publish","4":"format-standard","5":"has-post-thumbnail","7":"category-news","8":"category-politique","9":"category-region","10":"tag-candidature-du-general-mamadi-doumbouya","11":"tag-marche-de-rassemblement-a-kindia"},"jetpack_publicize_connections":[],"jetpack_featured_media_url":"https:\/\/ledenonciateur224.com\/wp-content\/uploads\/2025\/02\/fb-img-1740258275410.jpg","jetpack_sharing_enabled":true,"_links":{"self":[{"href":"https:\/\/ledenonciateur224.com\/index.php\/wp-json\/wp\/v2\/posts\/1583","targetHints":{"allow":["GET"]}}],"collection":[{"href":"https:\/\/ledenonciateur224.com\/index.php\/wp-json\/wp\/v2\/posts"}],"about":[{"href":"https:\/\/ledenonciateur224.com\/index.php\/wp-json\/wp\/v2\/types\/post"}],"author":[{"embeddable":true,"href":"https:\/\/ledenonciateur224.com\/index.php\/wp-json\/wp\/v2\/users\/2"}],"replies":[{"embeddable":true,"href":"https:\/\/ledenonciateur224.com\/index.php\/wp-json\/wp\/v2\/comments?post=1583"}],"version-history":[{"count":0,"href":"https:\/\/ledenonciateur224.com\/index.php\/wp-json\/wp\/v2\/posts\/1583\/revisions"}],"wp:featuredmedia":[{"embeddable":true,"href":"https:\/\/ledenonciateur224.com\/index.php\/wp-json\/wp\/v2\/media\/1584"}],"wp:attachment":[{"href":"https:\/\/ledenonciateur224.com\/index.php\/wp-json\/wp\/v2\/media?parent=1583"}],"wp:term":[{"taxonomy":"category","embeddable":true,"href":"https:\/\/ledenonciateur224.com\/index.php\/wp-json\/wp\/v2\/categories?post=1583"},{"taxonomy":"post_tag","embeddable":true,"href":"https:\/\/ledenonciateur224.com\/index.php\/wp-json\/wp\/v2\/tags?post=1583"}],"curies":[{"name":"wp","href":"https:\/\/api.w.org\/{rel}","templated":true}]}}