{"id":1595,"date":"2025-02-24T14:42:26","date_gmt":"2025-02-24T14:42:26","guid":{"rendered":"https:\/\/ledenonciateur224.com\/?p=1595"},"modified":"2025-02-24T14:42:26","modified_gmt":"2025-02-24T14:42:26","slug":"le-barreau-de-guinee-exprime-son-indignation-suite-a-lenlevement-et-au-traitement-inhumain-dabdoul-sacko","status":"publish","type":"post","link":"https:\/\/ledenonciateur224.com\/index.php\/le-barreau-de-guinee-exprime-son-indignation-suite-a-lenlevement-et-au-traitement-inhumain-dabdoul-sacko\/","title":{"rendered":"Le Barreau de Guin\u00e9e exprime son indignation suite \u00e0 l\u2019enl\u00e8vement et au traitement inhumain d\u2019Abdoul Sacko"},"content":{"rendered":"<p>Le Barreau de Guin\u00e9e fait part de sa vive indignation et de sa profonde inqui\u00e9tude apr\u00e8s l\u2019enl\u00e8vement d\u2019Abdoul Sacko, activiste de la soci\u00e9t\u00e9 civile. Il condamne fermement le traitement inhumain auquel cet activiste a \u00e9t\u00e9 soumis.<\/p>\n<p>Dans une d\u00e9claration rendue publique ce lundi 24 f\u00e9vrier 2025, le Barreau rappelle que la protection des citoyens constitue une obligation constitutionnelle de l&rsquo;\u00c9tat. Vous trouverez ci-dessous le texte int\u00e9gral de la d\u00e9claration du Barreau de Guin\u00e9e.<\/p>\n<p><img loading=\"lazy\" decoding=\"async\" class=\"alignnone size-full wp-image-1596\" src=\"https:\/\/ledenonciateur224.com\/wp-content\/uploads\/2025\/02\/b1-740x1024-1.jpg\" alt=\"\" width=\"740\" height=\"1024\" srcset=\"https:\/\/ledenonciateur224.com\/wp-content\/uploads\/2025\/02\/b1-740x1024-1.jpg 740w, https:\/\/ledenonciateur224.com\/wp-content\/uploads\/2025\/02\/b1-740x1024-1-217x300.jpg 217w, https:\/\/ledenonciateur224.com\/wp-content\/uploads\/2025\/02\/b1-740x1024-1-150x208.jpg 150w, https:\/\/ledenonciateur224.com\/wp-content\/uploads\/2025\/02\/b1-740x1024-1-300x415.jpg 300w, https:\/\/ledenonciateur224.com\/wp-content\/uploads\/2025\/02\/b1-740x1024-1-696x963.jpg 696w, https:\/\/ledenonciateur224.com\/wp-content\/uploads\/2025\/02\/b1-740x1024-1-304x420.jpg 304w\" sizes=\"auto, (max-width: 740px) 100vw, 740px\" \/><\/p>\n<p><img loading=\"lazy\" decoding=\"async\" class=\"alignnone size-full wp-image-1597\" src=\"https:\/\/ledenonciateur224.com\/wp-content\/uploads\/2025\/02\/b2-775x1024-1.jpg\" alt=\"\" width=\"775\" height=\"1024\" srcset=\"https:\/\/ledenonciateur224.com\/wp-content\/uploads\/2025\/02\/b2-775x1024-1.jpg 775w, https:\/\/ledenonciateur224.com\/wp-content\/uploads\/2025\/02\/b2-775x1024-1-227x300.jpg 227w, https:\/\/ledenonciateur224.com\/wp-content\/uploads\/2025\/02\/b2-775x1024-1-768x1015.jpg 768w, https:\/\/ledenonciateur224.com\/wp-content\/uploads\/2025\/02\/b2-775x1024-1-150x198.jpg 150w, https:\/\/ledenonciateur224.com\/wp-content\/uploads\/2025\/02\/b2-775x1024-1-300x396.jpg 300w, https:\/\/ledenonciateur224.com\/wp-content\/uploads\/2025\/02\/b2-775x1024-1-696x920.jpg 696w, https:\/\/ledenonciateur224.com\/wp-content\/uploads\/2025\/02\/b2-775x1024-1-318x420.jpg 318w\" sizes=\"auto, (max-width: 775px) 100vw, 775px\" \/><\/p>\n","protected":false},"excerpt":{"rendered":"<p>Le Barreau de Guin\u00e9e fait part de sa vive indignation et de sa profonde inqui\u00e9tude apr\u00e8s l\u2019enl\u00e8vement d\u2019Abdoul Sacko, activiste de la soci\u00e9t\u00e9 civile. Il condamne fermement le traitement inhumain auquel cet activiste a \u00e9t\u00e9 soumis. Dans une d\u00e9claration rendue publique ce lundi 24 f\u00e9vrier 2025, le Barreau rappelle que la protection des citoyens constitue [&hellip;]<\/p>\n","protected":false},"author":2,"featured_media":1598,"comment_status":"open","ping_status":"open","sticky":false,"template":"","format":"standard","meta":{"_jetpack_memberships_contains_paid_content":false,"footnotes":"","jetpack_publicize_message":"","jetpack_publicize_feature_enabled":true,"jetpack_social_post_already_shared":true,"jetpack_social_options":{"image_generator_settings":{"template":"highway","default_image_id":0,"font":"","enabled":false},"version":2}},"categories":[30,24],"tags":[393,394],"class_list":{"0":"post-1595","1":"post","2":"type-post","3":"status-publish","4":"format-standard","5":"has-post-thumbnail","7":"category-faits-divers","8":"category-news","9":"tag-barreau-de-guinee","10":"tag-violations-des-droits-humains"},"jetpack_publicize_connections":[],"jetpack_featured_media_url":"https:\/\/ledenonciateur224.com\/wp-content\/uploads\/2025\/02\/barreau-de-guinee-1-750x430-1.jpg","jetpack_sharing_enabled":true,"_links":{"self":[{"href":"https:\/\/ledenonciateur224.com\/index.php\/wp-json\/wp\/v2\/posts\/1595","targetHints":{"allow":["GET"]}}],"collection":[{"href":"https:\/\/ledenonciateur224.com\/index.php\/wp-json\/wp\/v2\/posts"}],"about":[{"href":"https:\/\/ledenonciateur224.com\/index.php\/wp-json\/wp\/v2\/types\/post"}],"author":[{"embeddable":true,"href":"https:\/\/ledenonciateur224.com\/index.php\/wp-json\/wp\/v2\/users\/2"}],"replies":[{"embeddable":true,"href":"https:\/\/ledenonciateur224.com\/index.php\/wp-json\/wp\/v2\/comments?post=1595"}],"version-history":[{"count":0,"href":"https:\/\/ledenonciateur224.com\/index.php\/wp-json\/wp\/v2\/posts\/1595\/revisions"}],"wp:featuredmedia":[{"embeddable":true,"href":"https:\/\/ledenonciateur224.com\/index.php\/wp-json\/wp\/v2\/media\/1598"}],"wp:attachment":[{"href":"https:\/\/ledenonciateur224.com\/index.php\/wp-json\/wp\/v2\/media?parent=1595"}],"wp:term":[{"taxonomy":"category","embeddable":true,"href":"https:\/\/ledenonciateur224.com\/index.php\/wp-json\/wp\/v2\/categories?post=1595"},{"taxonomy":"post_tag","embeddable":true,"href":"https:\/\/ledenonciateur224.com\/index.php\/wp-json\/wp\/v2\/tags?post=1595"}],"curies":[{"name":"wp","href":"https:\/\/api.w.org\/{rel}","templated":true}]}}