{"id":1609,"date":"2025-02-25T20:01:07","date_gmt":"2025-02-25T20:01:07","guid":{"rendered":"https:\/\/ledenonciateur224.com\/?p=1609"},"modified":"2025-02-25T20:01:07","modified_gmt":"2025-02-25T20:01:07","slug":"drame-au-quartier-koloma2-un-incendie-fauche-la-vie-dun-pere-de-famille","status":"publish","type":"post","link":"https:\/\/ledenonciateur224.com\/index.php\/drame-au-quartier-koloma2-un-incendie-fauche-la-vie-dun-pere-de-famille\/","title":{"rendered":"Drame au quartier Koloma2 : Un incendie fauche la vie d\u2019un p\u00e8re de famille"},"content":{"rendered":"<p>Arafan Dabo, un homme d&rsquo;une quarantaine d&rsquo;ann\u00e9es, a tragiquement perdu la vie dans un incendie survenu ce mardi 25 f\u00e9vrier 2025, dans le secteur Kilimandjaro du quartier Koloma2. Le sinistre a ravag\u00e9 sa modeste maison, compos\u00e9e d\u2019une chambre et d\u2019un salon, la r\u00e9duisant en cendres.<\/p>\n<p><img loading=\"lazy\" decoding=\"async\" class=\"alignnone size-full wp-image-1611\" src=\"https:\/\/ledenonciateur224.com\/wp-content\/uploads\/2025\/02\/whatsapp-image-2025-02-25-at-182415-768x432-1.jpeg\" alt=\"\" width=\"768\" height=\"432\" srcset=\"https:\/\/ledenonciateur224.com\/wp-content\/uploads\/2025\/02\/whatsapp-image-2025-02-25-at-182415-768x432-1.jpeg 768w, https:\/\/ledenonciateur224.com\/wp-content\/uploads\/2025\/02\/whatsapp-image-2025-02-25-at-182415-768x432-1-300x169.jpeg 300w, https:\/\/ledenonciateur224.com\/wp-content\/uploads\/2025\/02\/whatsapp-image-2025-02-25-at-182415-768x432-1-150x84.jpeg 150w, https:\/\/ledenonciateur224.com\/wp-content\/uploads\/2025\/02\/whatsapp-image-2025-02-25-at-182415-768x432-1-696x392.jpeg 696w, https:\/\/ledenonciateur224.com\/wp-content\/uploads\/2025\/02\/whatsapp-image-2025-02-25-at-182415-768x432-1-747x420.jpeg 747w\" sizes=\"auto, (max-width: 768px) 100vw, 768px\" \/><\/p>\n<p>Mohamed Sylla, propri\u00e9taire de la concession o\u00f9 l\u2019incendie a eu lieu, a d\u00e9taill\u00e9 les circonstances de ce drame. Selon lui, l\u2019incendie s&rsquo;est d\u00e9clar\u00e9 vers 9 heures du matin alors qu&rsquo;il \u00e9tait pr\u00e9sent \u00e0 un bapt\u00eame. Arafan Dabo, quant \u00e0 lui, se trouvait \u00e0 l\u2019int\u00e9rieur de sa chambre et n\u2019a malheureusement pas pu \u00e9chapper aux flammes. L\u2019origine du feu serait due \u00e0 un court-circuit \u00e9lectrique.<\/p>\n<p>M. Sylla a exprim\u00e9 sa profonde tristesse, soulignant que la perte d\u2019une vie humaine rend tous les biens mat\u00e9riels futiles, malgr\u00e9 les d\u00e9g\u00e2ts mat\u00e9riels importants. La famille endeuill\u00e9e doit maintenant faire face \u00e0 la dure r\u00e9alit\u00e9 de l&rsquo;irr\u00e9parable : les enfants de la victime ne reverront jamais leur p\u00e8re. Le corps de M. Dabo a \u00e9t\u00e9 transport\u00e9 \u00e0 la morgue de Donka, et la famille envisage de l\u2019inhumer dans son village d\u2019origine.<\/p>\n<p>Cette trag\u00e9die met en lumi\u00e8re les risques li\u00e9s aux incendies domestiques et la fragilit\u00e9 de la vie humaine face \u00e0 des \u00e9v\u00e9nements impr\u00e9vus.<\/p>\n<p>&nbsp;<\/p>\n<p>N&rsquo;sira Sylla<\/p>\n","protected":false},"excerpt":{"rendered":"<p>Arafan Dabo, un homme d&rsquo;une quarantaine d&rsquo;ann\u00e9es, a tragiquement perdu la vie dans un incendie survenu ce mardi 25 f\u00e9vrier 2025, dans le secteur Kilimandjaro du quartier Koloma2. Le sinistre a ravag\u00e9 sa modeste maison, compos\u00e9e d\u2019une chambre et d\u2019un salon, la r\u00e9duisant en cendres. Mohamed Sylla, propri\u00e9taire de la concession o\u00f9 l\u2019incendie a eu [&hellip;]<\/p>\n","protected":false},"author":2,"featured_media":1610,"comment_status":"open","ping_status":"open","sticky":false,"template":"","format":"standard","meta":{"_jetpack_memberships_contains_paid_content":false,"footnotes":"","jetpack_publicize_message":"","jetpack_publicize_feature_enabled":true,"jetpack_social_post_already_shared":true,"jetpack_social_options":{"image_generator_settings":{"template":"highway","default_image_id":0,"font":"","enabled":false},"version":2}},"categories":[30,24],"tags":[36,35,172],"class_list":{"0":"post-1609","1":"post","2":"type-post","3":"status-publish","4":"format-standard","5":"has-post-thumbnail","7":"category-faits-divers","8":"category-news","9":"tag-conakry","10":"tag-guinee","11":"tag-incendie"},"jetpack_publicize_connections":[],"jetpack_featured_media_url":"https:\/\/ledenonciateur224.com\/wp-content\/uploads\/2025\/02\/whatsapp-image-2025-02-25-at-182414-768x432-1.jpeg","jetpack_sharing_enabled":true,"_links":{"self":[{"href":"https:\/\/ledenonciateur224.com\/index.php\/wp-json\/wp\/v2\/posts\/1609","targetHints":{"allow":["GET"]}}],"collection":[{"href":"https:\/\/ledenonciateur224.com\/index.php\/wp-json\/wp\/v2\/posts"}],"about":[{"href":"https:\/\/ledenonciateur224.com\/index.php\/wp-json\/wp\/v2\/types\/post"}],"author":[{"embeddable":true,"href":"https:\/\/ledenonciateur224.com\/index.php\/wp-json\/wp\/v2\/users\/2"}],"replies":[{"embeddable":true,"href":"https:\/\/ledenonciateur224.com\/index.php\/wp-json\/wp\/v2\/comments?post=1609"}],"version-history":[{"count":0,"href":"https:\/\/ledenonciateur224.com\/index.php\/wp-json\/wp\/v2\/posts\/1609\/revisions"}],"wp:featuredmedia":[{"embeddable":true,"href":"https:\/\/ledenonciateur224.com\/index.php\/wp-json\/wp\/v2\/media\/1610"}],"wp:attachment":[{"href":"https:\/\/ledenonciateur224.com\/index.php\/wp-json\/wp\/v2\/media?parent=1609"}],"wp:term":[{"taxonomy":"category","embeddable":true,"href":"https:\/\/ledenonciateur224.com\/index.php\/wp-json\/wp\/v2\/categories?post=1609"},{"taxonomy":"post_tag","embeddable":true,"href":"https:\/\/ledenonciateur224.com\/index.php\/wp-json\/wp\/v2\/tags?post=1609"}],"curies":[{"name":"wp","href":"https:\/\/api.w.org\/{rel}","templated":true}]}}