{"id":1613,"date":"2025-02-25T20:11:46","date_gmt":"2025-02-25T20:11:46","guid":{"rendered":"https:\/\/ledenonciateur224.com\/?p=1613"},"modified":"2025-02-25T20:11:46","modified_gmt":"2025-02-25T20:11:46","slug":"relance-du-dialogue-sociopolitique-un-forum-pour-retablir-la-confiance-et-promouvoir-la-reconciliation-en-guinee","status":"publish","type":"post","link":"https:\/\/ledenonciateur224.com\/index.php\/relance-du-dialogue-sociopolitique-un-forum-pour-retablir-la-confiance-et-promouvoir-la-reconciliation-en-guinee\/","title":{"rendered":"Relance du dialogue sociopolitique : Un forum pour r\u00e9tablir la confiance et promouvoir la r\u00e9conciliation en Guin\u00e9e"},"content":{"rendered":"<p>Le 25 f\u00e9vrier 2025, un nouveau forum ax\u00e9 sur le dialogue citoyen a \u00e9t\u00e9 lanc\u00e9 \u00e0 Conakry, dans le but de relancer le dialogue sociopolitique interrompu depuis fin 2022 entre les autorit\u00e9s et les acteurs de la vie politique du pays. Ce cadre de concertation in\u00e9dit regroupe des figures diverses, notamment d\u2019anciens ministres du r\u00e9gime Lansana Cont\u00e9, des militants de l\u2019ind\u00e9pendance, ainsi que des responsables de l&rsquo;administration actuelle.<\/p>\n<p><img loading=\"lazy\" decoding=\"async\" class=\"alignnone size-full wp-image-1614\" src=\"https:\/\/ledenonciateur224.com\/wp-content\/uploads\/2025\/02\/20250225-120333.jpg\" alt=\"\" width=\"683\" height=\"424\" srcset=\"https:\/\/ledenonciateur224.com\/wp-content\/uploads\/2025\/02\/20250225-120333.jpg 683w, https:\/\/ledenonciateur224.com\/wp-content\/uploads\/2025\/02\/20250225-120333-300x186.jpg 300w, https:\/\/ledenonciateur224.com\/wp-content\/uploads\/2025\/02\/20250225-120333-150x93.jpg 150w, https:\/\/ledenonciateur224.com\/wp-content\/uploads\/2025\/02\/20250225-120333-677x420.jpg 677w, https:\/\/ledenonciateur224.com\/wp-content\/uploads\/2025\/02\/20250225-120333-356x220.jpg 356w\" sizes=\"auto, (max-width: 683px) 100vw, 683px\" \/><\/p>\n<p>L&rsquo;objectif principal de cette initiative est de sensibiliser la population \u00e0 la r\u00e9conciliation nationale et \u00e0 la n\u00e9cessit\u00e9 de r\u00e9tablir la confiance entre les diff\u00e9rentes composantes de la soci\u00e9t\u00e9 guin\u00e9enne. Monseigneur Jacques Boston, de l\u2019\u00c9glise anglicane, a insist\u00e9 sur l&rsquo;importance de d\u00e9passer la politique pour se concentrer sur la citoyennet\u00e9, affirmant que sans dialogue, aucune avanc\u00e9e n&rsquo;est possible.<\/p>\n<p>Le forum a \u00e9galement mis en avant des valeurs de tol\u00e9rance et de fraternit\u00e9, \u00e0 l\u2019image des relations harmonieuses entre leaders religieux comme Elhadj Mamadou Saliou Camara et Monseigneur Vincent Koulibaly. Selon les intervenants, une meilleure communication et \u00e9coute mutuelle entre citoyens et acteurs politiques sont essentielles pour surmonter les tensions actuelles.<\/p>\n<p>Fod\u00e9 Amadou Fofana, conseiller \u00e0 la pr\u00e9sidence, a salu\u00e9 cette initiative comme un pas important vers la paix et la coh\u00e9sion sociale, affirmant que le pr\u00e9sident soutient pleinement ce processus. S\u00e9kou Kouraissy Cond\u00e9, l\u2019un des initiateurs du forum, a soulign\u00e9 que ce dialogue sera ouvert \u00e0 toutes les revendications et sujets difficiles, sans tabou, pour favoriser une compr\u00e9hension et une tol\u00e9rance mutuelles.<\/p>\n<p>&nbsp;<\/p>\n<p>Cette d\u00e9marche arrive apr\u00e8s plusieurs mois de rupture du dialogue entre les entit\u00e9s politiques du pays, et elle repr\u00e9sente un espoir pour r\u00e9tablir la paix et la stabilit\u00e9 en Guin\u00e9e.<\/p>\n<p>&nbsp;<\/p>\n<p>Alpha Soumah pour Ledenonciateur224.com<\/p>\n","protected":false},"excerpt":{"rendered":"<p>Le 25 f\u00e9vrier 2025, un nouveau forum ax\u00e9 sur le dialogue citoyen a \u00e9t\u00e9 lanc\u00e9 \u00e0 Conakry, dans le but de relancer le dialogue sociopolitique interrompu depuis fin 2022 entre les autorit\u00e9s et les acteurs de la vie politique du pays. Ce cadre de concertation in\u00e9dit regroupe des figures diverses, notamment d\u2019anciens ministres du r\u00e9gime [&hellip;]<\/p>\n","protected":false},"author":2,"featured_media":1615,"comment_status":"open","ping_status":"open","sticky":false,"template":"","format":"standard","meta":{"_jetpack_memberships_contains_paid_content":false,"footnotes":"","jetpack_publicize_message":"","jetpack_publicize_feature_enabled":true,"jetpack_social_post_already_shared":true,"jetpack_social_options":{"image_generator_settings":{"template":"highway","default_image_id":0,"font":"","enabled":false},"version":2}},"categories":[24,27],"tags":[268,399],"class_list":{"0":"post-1613","1":"post","2":"type-post","3":"status-publish","4":"format-standard","5":"has-post-thumbnail","7":"category-news","8":"category-politique","9":"tag-acteurs-politiques","10":"tag-dialogue-politique-en-guinee"},"jetpack_publicize_connections":[],"jetpack_featured_media_url":"https:\/\/ledenonciateur224.com\/wp-content\/uploads\/2025\/02\/whatsapp-image-2025-02-25-at-163321.jpeg","jetpack_sharing_enabled":true,"_links":{"self":[{"href":"https:\/\/ledenonciateur224.com\/index.php\/wp-json\/wp\/v2\/posts\/1613","targetHints":{"allow":["GET"]}}],"collection":[{"href":"https:\/\/ledenonciateur224.com\/index.php\/wp-json\/wp\/v2\/posts"}],"about":[{"href":"https:\/\/ledenonciateur224.com\/index.php\/wp-json\/wp\/v2\/types\/post"}],"author":[{"embeddable":true,"href":"https:\/\/ledenonciateur224.com\/index.php\/wp-json\/wp\/v2\/users\/2"}],"replies":[{"embeddable":true,"href":"https:\/\/ledenonciateur224.com\/index.php\/wp-json\/wp\/v2\/comments?post=1613"}],"version-history":[{"count":0,"href":"https:\/\/ledenonciateur224.com\/index.php\/wp-json\/wp\/v2\/posts\/1613\/revisions"}],"wp:featuredmedia":[{"embeddable":true,"href":"https:\/\/ledenonciateur224.com\/index.php\/wp-json\/wp\/v2\/media\/1615"}],"wp:attachment":[{"href":"https:\/\/ledenonciateur224.com\/index.php\/wp-json\/wp\/v2\/media?parent=1613"}],"wp:term":[{"taxonomy":"category","embeddable":true,"href":"https:\/\/ledenonciateur224.com\/index.php\/wp-json\/wp\/v2\/categories?post=1613"},{"taxonomy":"post_tag","embeddable":true,"href":"https:\/\/ledenonciateur224.com\/index.php\/wp-json\/wp\/v2\/tags?post=1613"}],"curies":[{"name":"wp","href":"https:\/\/api.w.org\/{rel}","templated":true}]}}