{"id":1655,"date":"2025-02-28T16:11:36","date_gmt":"2025-02-28T16:11:36","guid":{"rendered":"https:\/\/ledenonciateur224.com\/?p=1655"},"modified":"2025-02-28T16:11:36","modified_gmt":"2025-02-28T16:11:36","slug":"suspension-des-congres-a-lufdg-un-nouveau-tournant-dans-laffrontement-juridique-avec-ousmane-gaoual-diallo","status":"publish","type":"post","link":"https:\/\/ledenonciateur224.com\/index.php\/suspension-des-congres-a-lufdg-un-nouveau-tournant-dans-laffrontement-juridique-avec-ousmane-gaoual-diallo\/","title":{"rendered":"Suspension des Congr\u00e8s \u00e0 l\u2019UFDG : Un nouveau tournant dans l\u2019affrontement juridique avec Ousmane Gaoual Diallo"},"content":{"rendered":"<p>Un bouleversement majeur secoue l&rsquo;Union des Forces D\u00e9mocratiques de Guin\u00e9e (UFDG). La justice guin\u00e9enne a rendu une ordonnance, ce vendredi 28 f\u00e9vrier 2025, suspendant tous les congr\u00e8s programm\u00e9s pour avril 2025 par le parti dirig\u00e9 par Cellou Dalein Diallo. Cette d\u00e9cision fait suite \u00e0 une annonce, la veille, par le Cercle des Amis de Ousmane Gaoual (CERAG UFDG) qui pr\u00e9voyait \u00e9galement un congr\u00e8s. Le tribunal de premi\u00e8re instance de Dixinn a ainsi ordonn\u00e9 la suspension des congr\u00e8s internes du parti, en attendant une d\u00e9cision finale sur le fond du dossier.<\/p>\n<p>Le contexte de cette d\u00e9cision judiciaire est marqu\u00e9 par un conflit de leadership au sein de l\u2019UFDG. L\u2019affrontement oppose la direction du parti \u00e0 Ousmane Gaoual Diallo, actuel ministre des Transports et ancien membre influent du parti, qui a \u00e9t\u00e9 exclu de l\u2019UFDG. Cependant, en juillet dernier, le tribunal de Dixinn a jug\u00e9 que l\u2019exclusion de Gaoual Diallo \u00e9tait nulle, ordonnant ainsi sa r\u00e9int\u00e9gration au sein du parti. Cette d\u00e9cision a \u00e9t\u00e9 contest\u00e9e en appel par la direction de l&rsquo;UFDG, notamment par Dr Fod\u00e9 Oussou Fofana, et c\u2019est d\u00e9sormais sur ce recours que la justice devra se prononcer. La question demeure : quand cette d\u00e9cision d\u00e9finitive sera-t-elle rendue et quel impact aura-t-elle sur l\u2019avenir du parti ?<\/p>\n<p>&nbsp;<\/p>\n<p>Cette situation met en lumi\u00e8re l&rsquo;intensification des tensions internes et pourrait avoir des cons\u00e9quences importantes sur l&rsquo;orientation politique de l&rsquo;UFDG, d\u00e9j\u00e0 secou\u00e9e par cette bataille juridique.<\/p>\n<p>&nbsp;<\/p>\n<p><strong>Ledenonciateur224.com\u00a0<\/strong><\/p>\n","protected":false},"excerpt":{"rendered":"<p>Un bouleversement majeur secoue l&rsquo;Union des Forces D\u00e9mocratiques de Guin\u00e9e (UFDG). La justice guin\u00e9enne a rendu une ordonnance, ce vendredi 28 f\u00e9vrier 2025, suspendant tous les congr\u00e8s programm\u00e9s pour avril 2025 par le parti dirig\u00e9 par Cellou Dalein Diallo. Cette d\u00e9cision fait suite \u00e0 une annonce, la veille, par le Cercle des Amis de Ousmane [&hellip;]<\/p>\n","protected":false},"author":2,"featured_media":649,"comment_status":"open","ping_status":"open","sticky":false,"template":"","format":"standard","meta":{"_jetpack_memberships_contains_paid_content":false,"footnotes":"","jetpack_publicize_message":"","jetpack_publicize_feature_enabled":true,"jetpack_social_post_already_shared":true,"jetpack_social_options":{"image_generator_settings":{"template":"highway","default_image_id":0,"font":"","enabled":false},"version":2}},"categories":[24,27],"tags":[411,291],"class_list":{"0":"post-1655","1":"post","2":"type-post","3":"status-publish","4":"format-standard","5":"has-post-thumbnail","7":"category-news","8":"category-politique","9":"tag-bras-de-fer-entre-cellou-et-ousmane-gaoual","10":"tag-congres-de-lufdg"},"jetpack_publicize_connections":[],"jetpack_featured_media_url":"https:\/\/ledenonciateur224.com\/wp-content\/uploads\/2024\/12\/cellou-dalein-diallo-africaguineecom-0.jpeg","jetpack_sharing_enabled":true,"_links":{"self":[{"href":"https:\/\/ledenonciateur224.com\/index.php\/wp-json\/wp\/v2\/posts\/1655","targetHints":{"allow":["GET"]}}],"collection":[{"href":"https:\/\/ledenonciateur224.com\/index.php\/wp-json\/wp\/v2\/posts"}],"about":[{"href":"https:\/\/ledenonciateur224.com\/index.php\/wp-json\/wp\/v2\/types\/post"}],"author":[{"embeddable":true,"href":"https:\/\/ledenonciateur224.com\/index.php\/wp-json\/wp\/v2\/users\/2"}],"replies":[{"embeddable":true,"href":"https:\/\/ledenonciateur224.com\/index.php\/wp-json\/wp\/v2\/comments?post=1655"}],"version-history":[{"count":0,"href":"https:\/\/ledenonciateur224.com\/index.php\/wp-json\/wp\/v2\/posts\/1655\/revisions"}],"wp:featuredmedia":[{"embeddable":true,"href":"https:\/\/ledenonciateur224.com\/index.php\/wp-json\/wp\/v2\/media\/649"}],"wp:attachment":[{"href":"https:\/\/ledenonciateur224.com\/index.php\/wp-json\/wp\/v2\/media?parent=1655"}],"wp:term":[{"taxonomy":"category","embeddable":true,"href":"https:\/\/ledenonciateur224.com\/index.php\/wp-json\/wp\/v2\/categories?post=1655"},{"taxonomy":"post_tag","embeddable":true,"href":"https:\/\/ledenonciateur224.com\/index.php\/wp-json\/wp\/v2\/tags?post=1655"}],"curies":[{"name":"wp","href":"https:\/\/api.w.org\/{rel}","templated":true}]}}