{"id":1657,"date":"2025-02-28T19:20:10","date_gmt":"2025-02-28T19:20:10","guid":{"rendered":"https:\/\/ledenonciateur224.com\/?p=1657"},"modified":"2025-02-28T19:20:10","modified_gmt":"2025-02-28T19:20:10","slug":"suspension-des-congres-de-lufdg-reaction-virulente-de-la-defense-de-cellou-dalein-diallo","status":"publish","type":"post","link":"https:\/\/ledenonciateur224.com\/index.php\/suspension-des-congres-de-lufdg-reaction-virulente-de-la-defense-de-cellou-dalein-diallo\/","title":{"rendered":"Suspension des Congr\u00e8s de l&rsquo;UFDG : R\u00e9action virulente de la d\u00e9fense de Cellou Dalein Diallo"},"content":{"rendered":"<p>Le 28 f\u00e9vrier, le tribunal de premi\u00e8re instance de Dixinn a pris une d\u00e9cision marquante, ordonnant la suspension des <em>congr\u00e8s de renouvellement des instances<\/em> de l&rsquo;UFDG. Cette d\u00e9cision a imm\u00e9diatement provoqu\u00e9 une r\u00e9action v\u00e9h\u00e9mente du camp de Cellou Dalein Diallo, \u00e0 travers l&rsquo;un de ses avocats, Me Salifou B\u00e9avogui. Selon ce dernier, la d\u00e9cision du tribunal est \u00ab <em>scandaleuse et totalement contraire \u00e0 la loi<\/em> \u00bb, arguant qu\u2019elle repose sur \u00ab <em>aucune base l\u00e9gale<\/em> \u00bb. Il consid\u00e8re que le tribunal aurait d\u00fb simplement d\u00e9lib\u00e9rer sur le fond du dossier, puisqu&rsquo;aucune nouvelle question n\u2019\u00e9tait soulev\u00e9e.<\/p>\n<p>Me Salifou B\u00e9avogui d\u00e9nonce aussi la pr\u00e9cipitation du tribunal, rappelant que le dossier aurait d\u00fb \u00eatre mis en d\u00e9lib\u00e9r\u00e9 avant qu\u2019une d\u00e9cision ne soit prise. Il souligne \u00e9galement le manque de motivation dans la d\u00e9cision rendue, ce qui, selon lui, rend la d\u00e9cision encore plus contestable.<\/p>\n<p>En r\u00e9action imm\u00e9diate, l&rsquo;avocat a affirm\u00e9 que la d\u00e9fense de l&rsquo;UFDG rejetait formellement cette d\u00e9cision et que des voies de recours seraient rapidement engag\u00e9es apr\u00e8s consultation avec leurs clients et le collectif juridique.<\/p>\n<p>Ce litige est d\u2019autant plus significatif qu&rsquo;il d\u00e9coule de la r\u00e9int\u00e9gration de Ousmane Gaoual Diallo au sein de l&rsquo;UFDG, d\u00e9cision \u00e9galement rendue par le m\u00eame tribunal, apr\u00e8s son exclusion de la formation politique.<\/p>\n<p>&nbsp;<\/p>\n<p>N&rsquo;sira Sylla<\/p>\n","protected":false},"excerpt":{"rendered":"<p>Le 28 f\u00e9vrier, le tribunal de premi\u00e8re instance de Dixinn a pris une d\u00e9cision marquante, ordonnant la suspension des congr\u00e8s de renouvellement des instances de l&rsquo;UFDG. Cette d\u00e9cision a imm\u00e9diatement provoqu\u00e9 une r\u00e9action v\u00e9h\u00e9mente du camp de Cellou Dalein Diallo, \u00e0 travers l&rsquo;un de ses avocats, Me Salifou B\u00e9avogui. Selon ce dernier, la d\u00e9cision du [&hellip;]<\/p>\n","protected":false},"author":2,"featured_media":1658,"comment_status":"open","ping_status":"open","sticky":false,"template":"","format":"standard","meta":{"_jetpack_memberships_contains_paid_content":false,"footnotes":"","jetpack_publicize_message":"","jetpack_publicize_feature_enabled":true,"jetpack_social_post_already_shared":true,"jetpack_social_options":{"image_generator_settings":{"template":"highway","default_image_id":0,"font":"","enabled":false},"version":2}},"categories":[30,24],"tags":[291,35,412],"class_list":{"0":"post-1657","1":"post","2":"type-post","3":"status-publish","4":"format-standard","5":"has-post-thumbnail","7":"category-faits-divers","8":"category-news","9":"tag-congres-de-lufdg","10":"tag-guinee","11":"tag-tpi-de-dixinn"},"jetpack_publicize_connections":[],"jetpack_featured_media_url":"https:\/\/ledenonciateur224.com\/wp-content\/uploads\/2025\/02\/me-bea.jpg","jetpack_sharing_enabled":true,"_links":{"self":[{"href":"https:\/\/ledenonciateur224.com\/index.php\/wp-json\/wp\/v2\/posts\/1657","targetHints":{"allow":["GET"]}}],"collection":[{"href":"https:\/\/ledenonciateur224.com\/index.php\/wp-json\/wp\/v2\/posts"}],"about":[{"href":"https:\/\/ledenonciateur224.com\/index.php\/wp-json\/wp\/v2\/types\/post"}],"author":[{"embeddable":true,"href":"https:\/\/ledenonciateur224.com\/index.php\/wp-json\/wp\/v2\/users\/2"}],"replies":[{"embeddable":true,"href":"https:\/\/ledenonciateur224.com\/index.php\/wp-json\/wp\/v2\/comments?post=1657"}],"version-history":[{"count":0,"href":"https:\/\/ledenonciateur224.com\/index.php\/wp-json\/wp\/v2\/posts\/1657\/revisions"}],"wp:featuredmedia":[{"embeddable":true,"href":"https:\/\/ledenonciateur224.com\/index.php\/wp-json\/wp\/v2\/media\/1658"}],"wp:attachment":[{"href":"https:\/\/ledenonciateur224.com\/index.php\/wp-json\/wp\/v2\/media?parent=1657"}],"wp:term":[{"taxonomy":"category","embeddable":true,"href":"https:\/\/ledenonciateur224.com\/index.php\/wp-json\/wp\/v2\/categories?post=1657"},{"taxonomy":"post_tag","embeddable":true,"href":"https:\/\/ledenonciateur224.com\/index.php\/wp-json\/wp\/v2\/tags?post=1657"}],"curies":[{"name":"wp","href":"https:\/\/api.w.org\/{rel}","templated":true}]}}