{"id":1660,"date":"2025-02-28T19:31:20","date_gmt":"2025-02-28T19:31:20","guid":{"rendered":"https:\/\/ledenonciateur224.com\/?p=1660"},"modified":"2025-02-28T19:31:20","modified_gmt":"2025-02-28T19:31:20","slug":"guinee-cloture-du-forum-du-dialogue-citoyen-un-tournant-majeur-pour-la-reconciliation-et-la-cohesion-nationale","status":"publish","type":"post","link":"https:\/\/ledenonciateur224.com\/index.php\/guinee-cloture-du-forum-du-dialogue-citoyen-un-tournant-majeur-pour-la-reconciliation-et-la-cohesion-nationale\/","title":{"rendered":"Guin\u00e9e : Cl\u00f4ture du Forum du Dialogue Citoyen \u2013 Un tournant majeur pour la r\u00e9conciliation et la coh\u00e9sion nationale"},"content":{"rendered":"<p><em>Un espace de concertation unique pour restaurer la confiance, apaiser les tensions et promouvoir un avenir pacifique et inclusif pour la Guin\u00e9e.<\/em><\/p>\n<p>Apr\u00e8s trois jours d\u2019\u00e9changes fructueux, le Forum du Dialogue Citoyen a tir\u00e9 sa r\u00e9v\u00e9rence ce jeudi \u00e0 l\u2019h\u00f4tel Palm Camayenne. Cet \u00e9v\u00e9nement, initi\u00e9 par l\u2019association\u00a0<em>L\u2019Arbre \u00e0 Palabre<\/em>\u00a0et dirig\u00e9 par le Dr Koure\u00efssy Cond\u00e9, pr\u00e9sident de l\u2019ARENA, a offert un espace de concertation unique, rassemblant des acteurs de divers horizons pour r\u00e9fl\u00e9chir ensemble \u00e0 des solutions concr\u00e8tes en faveur de la paix, de la justice sociale et de la coh\u00e9sion nationale.<\/p>\n<p>&nbsp;<\/p>\n<p>Dans un contexte marqu\u00e9 par de nombreux d\u00e9fis politiques, \u00e9conomiques et sociaux en Guin\u00e9e, le Forum a \u00e9merg\u00e9 comme un cadre indispensable pour des discussions approfondies et des propositions ambitieuses. Plac\u00e9 sous le th\u00e8me\u00a0<em>\u00ab Renouer le fil du dialogue et promouvoir la compr\u00e9hension mutuelle \u00bb<\/em>, cet \u00e9v\u00e9nement a r\u00e9uni plus de 180 participants, dont 54 femmes, provenant du gouvernement, des missions diplomatiques, des institutions internationales, des organisations de la soci\u00e9t\u00e9 civile, des syndicats, des partis politiques et des communaut\u00e9s religieuses.<\/p>\n<p>Ce Forum du Dialogue Citoyen a poursuivi plusieurs objectifs fondamentaux :<\/p>\n<ul>\n<li>Renforcer la coh\u00e9sion sociale en favorisant un dialogue constructif entre les citoyens, les acteurs politiques et les institutions.<\/li>\n<li>Apaiser les tensions sociopolitiques en cr\u00e9ant un climat de confiance gr\u00e2ce \u00e0 une communication ouverte et inclusive.<\/li>\n<li>Proposer des r\u00e9formes visant \u00e0 instaurer une gouvernance plus transparente et \u00e9quitable.<\/li>\n<li>Encourager la participation citoyenne en offrant une tribune aux diff\u00e9rentes composantes de la soci\u00e9t\u00e9 guin\u00e9enne.<\/li>\n<\/ul>\n<p>Dans un contexte o\u00f9 la d\u00e9fiance envers les institutions ne cesse de cro\u00eetre, les organisateurs ont soulign\u00e9 l\u2019urgence de restaurer la confiance et d\u2019\u00e9viter toute forme d\u2019instabilit\u00e9 durable.<\/p>\n<p>Lanc\u00e9 le 25 f\u00e9vrier, le forum a d\u00e9but\u00e9 par une allocution du pr\u00e9sident de l\u2019Africa Crisis Group, qui a mis en lumi\u00e8re les enjeux cruciaux du dialogue et les attentes li\u00e9es \u00e0 la r\u00e9conciliation nationale. Plusieurs panels et sessions de travail ont permis d\u2019aborder des th\u00e9matiques vari\u00e9es, parmi lesquelles :<\/p>\n<ul>\n<li>Le vivre-ensemble et la tol\u00e9rance : t\u00e9moignages et \u00e9changes sur la n\u00e9cessit\u00e9 de d\u00e9passer les clivages ethniques et politiques.<\/li>\n<li>La gestion des ressources publiques : propositions de r\u00e9formes visant \u00e0 garantir une transparence accrue.<\/li>\n<li>Les perspectives \u00e9conomiques et sociales : strat\u00e9gies pour un d\u00e9veloppement durable dans un climat apais\u00e9.<\/li>\n<\/ul>\n<p>Les \u00e9changes ont soulign\u00e9 l\u2019importance d\u2019une volont\u00e9 politique forte pour transformer ces recommandations en actions concr\u00e8tes.<\/p>\n<p>\u00c0 l\u2019issue des travaux, plusieurs propositions phares ont \u00e9merg\u00e9 :<\/p>\n<ul>\n<li>Institutionnaliser un cadre permanent de dialogue pour pr\u00e9venir et r\u00e9soudre les crises sociopolitiques.<\/li>\n<li>Cr\u00e9er un m\u00e9canisme de suivi des engagements pris lors des concertations, afin d\u2019assurer leur mise en \u0153uvre effective.<\/li>\n<li>Encourager l\u2019inclusion des jeunes et des femmes dans les processus de d\u00e9cision politique et sociale.<\/li>\n<li>Favoriser des r\u00e9formes \u00e9lectorales consensuelles pour garantir la cr\u00e9dibilit\u00e9 des scrutins \u00e0 venir.<\/li>\n<\/ul>\n<p>Ces recommandations, consign\u00e9es dans un rapport de synth\u00e8se, seront soumises aux autorit\u00e9s comp\u00e9tentes ainsi qu\u2019aux partenaires nationaux et internationaux.<\/p>\n<p>Le Forum du Dialogue Citoyen s\u2019est conclu sur un appel unanime \u00e0 l\u2019unit\u00e9 et \u00e0 la responsabilit\u00e9 collective. Les participants ont insist\u00e9 sur la n\u00e9cessit\u00e9 de d\u00e9passer les divisions pour construire une Guin\u00e9e prosp\u00e8re et solidaire.<\/p>\n<p>&nbsp;<\/p>\n<p>Alors que le pays fait face \u00e0 de nombreux d\u00e9fis, ce cadre de concertation a d\u00e9montr\u00e9 que le dialogue demeure l\u2019outil le plus efficace pour restaurer la confiance et tracer la voie vers une gouvernance plus inclusive et apais\u00e9e. Les regards sont d\u00e9sormais tourn\u00e9s vers les autorit\u00e9s et les diff\u00e9rents acteurs engag\u00e9s : la r\u00e9ussite de cette initiative d\u00e9pendra de la mise en \u0153uvre concr\u00e8te des engagements pris.<\/p>\n<p>&nbsp;<\/p>\n<p>Aboubacar Moussa Camara<\/p>\n<p>622 42 41 87<\/p>\n","protected":false},"excerpt":{"rendered":"<p>Un espace de concertation unique pour restaurer la confiance, apaiser les tensions et promouvoir un avenir pacifique et inclusif pour la Guin\u00e9e. Apr\u00e8s trois jours d\u2019\u00e9changes fructueux, le Forum du Dialogue Citoyen a tir\u00e9 sa r\u00e9v\u00e9rence ce jeudi \u00e0 l\u2019h\u00f4tel Palm Camayenne. Cet \u00e9v\u00e9nement, initi\u00e9 par l\u2019association\u00a0L\u2019Arbre \u00e0 Palabre\u00a0et dirig\u00e9 par le Dr Koure\u00efssy Cond\u00e9, [&hellip;]<\/p>\n","protected":false},"author":2,"featured_media":1661,"comment_status":"open","ping_status":"open","sticky":false,"template":"","format":"standard","meta":{"_jetpack_memberships_contains_paid_content":false,"footnotes":"","jetpack_publicize_message":"","jetpack_publicize_feature_enabled":true,"jetpack_social_post_already_shared":true,"jetpack_social_options":{"image_generator_settings":{"template":"highway","default_image_id":0,"font":"","enabled":false},"version":2}},"categories":[30,24],"tags":[413,414],"class_list":{"0":"post-1660","1":"post","2":"type-post","3":"status-publish","4":"format-standard","5":"has-post-thumbnail","7":"category-faits-divers","8":"category-news","9":"tag-dialogue-citoyen","10":"tag-dr-sekou-koureissy-conde"},"jetpack_publicize_connections":[],"jetpack_featured_media_url":"https:\/\/ledenonciateur224.com\/wp-content\/uploads\/2025\/02\/fb-img-1740733121700.jpg","jetpack_sharing_enabled":true,"_links":{"self":[{"href":"https:\/\/ledenonciateur224.com\/index.php\/wp-json\/wp\/v2\/posts\/1660","targetHints":{"allow":["GET"]}}],"collection":[{"href":"https:\/\/ledenonciateur224.com\/index.php\/wp-json\/wp\/v2\/posts"}],"about":[{"href":"https:\/\/ledenonciateur224.com\/index.php\/wp-json\/wp\/v2\/types\/post"}],"author":[{"embeddable":true,"href":"https:\/\/ledenonciateur224.com\/index.php\/wp-json\/wp\/v2\/users\/2"}],"replies":[{"embeddable":true,"href":"https:\/\/ledenonciateur224.com\/index.php\/wp-json\/wp\/v2\/comments?post=1660"}],"version-history":[{"count":0,"href":"https:\/\/ledenonciateur224.com\/index.php\/wp-json\/wp\/v2\/posts\/1660\/revisions"}],"wp:featuredmedia":[{"embeddable":true,"href":"https:\/\/ledenonciateur224.com\/index.php\/wp-json\/wp\/v2\/media\/1661"}],"wp:attachment":[{"href":"https:\/\/ledenonciateur224.com\/index.php\/wp-json\/wp\/v2\/media?parent=1660"}],"wp:term":[{"taxonomy":"category","embeddable":true,"href":"https:\/\/ledenonciateur224.com\/index.php\/wp-json\/wp\/v2\/categories?post=1660"},{"taxonomy":"post_tag","embeddable":true,"href":"https:\/\/ledenonciateur224.com\/index.php\/wp-json\/wp\/v2\/tags?post=1660"}],"curies":[{"name":"wp","href":"https:\/\/api.w.org\/{rel}","templated":true}]}}