{"id":1667,"date":"2025-03-01T10:43:27","date_gmt":"2025-03-01T10:43:27","guid":{"rendered":"https:\/\/ledenonciateur224.com\/?p=1667"},"modified":"2025-03-01T10:43:27","modified_gmt":"2025-03-01T10:43:27","slug":"le-general-mamadi-doumbouya-finance-personnellement-la-gratuite-de-la-carte-nationale-didentite-biometrique-en-guinee","status":"publish","type":"post","link":"https:\/\/ledenonciateur224.com\/index.php\/le-general-mamadi-doumbouya-finance-personnellement-la-gratuite-de-la-carte-nationale-didentite-biometrique-en-guinee\/","title":{"rendered":"Le G\u00e9n\u00e9ral Mamadi Doumbouya finance personnellement la gratuit\u00e9 de la carte nationale d\u2019identit\u00e9 biom\u00e9trique en Guin\u00e9e"},"content":{"rendered":"<p>Le G\u00e9n\u00e9ral Mamadi Doumbouya, pr\u00e9sident de la R\u00e9publique de Guin\u00e9e, a r\u00e9affirm\u00e9 son engagement envers la gratuit\u00e9 de la carte nationale d\u2019identit\u00e9 biom\u00e9trique. Lors du Conseil des ministres du 27 f\u00e9vrier 2025, il a pris des mesures concr\u00e8tes pour garantir l\u2019application de cette d\u00e9cision. Selon le porte-parole du gouvernement, Ousmane Gaoual Diallo, le chef de l\u2019\u00c9tat a instruit les ministres de l\u2019\u00c9conomie, des Finances et du Budget de mettre en place imm\u00e9diatement les moyens n\u00e9cessaires \u00e0 son financement.<\/p>\n<p>Le G\u00e9n\u00e9ral Doumbouya a \u00e9galement annonc\u00e9 qu\u2019il financerait personnellement cette initiative \u00e0 partir de son budget de souverainet\u00e9, soulignant son implication directe dans cette d\u00e9marche. Cette d\u00e9cision, prise dans le cadre du d\u00e9cret sign\u00e9 le 2 f\u00e9vrier 2025, vise \u00e0 all\u00e9ger les charges administratives pour les citoyens et \u00e0 renforcer l\u2019inclusivit\u00e9 ainsi que la transparence du syst\u00e8me d\u2019identification nationale.<\/p>\n<p>En cons\u00e9quence, chaque Guin\u00e9en pourra obtenir sa carte d\u2019identit\u00e9 biom\u00e9trique sans frais, un engagement renforc\u00e9 par la contribution financi\u00e8re personnelle du pr\u00e9sident. Ce geste s\u2019inscrit dans la volont\u00e9 du gouvernement de faciliter l\u2019acc\u00e8s des citoyens aux services administratifs essentiels, tout en consolidant la confiance dans les institutions publiques.<\/p>\n<p>&nbsp;<\/p>\n<p>Ledenonciateur224.com<\/p>\n","protected":false},"excerpt":{"rendered":"<p>Le G\u00e9n\u00e9ral Mamadi Doumbouya, pr\u00e9sident de la R\u00e9publique de Guin\u00e9e, a r\u00e9affirm\u00e9 son engagement envers la gratuit\u00e9 de la carte nationale d\u2019identit\u00e9 biom\u00e9trique. Lors du Conseil des ministres du 27 f\u00e9vrier 2025, il a pris des mesures concr\u00e8tes pour garantir l\u2019application de cette d\u00e9cision. Selon le porte-parole du gouvernement, Ousmane Gaoual Diallo, le chef de [&hellip;]<\/p>\n","protected":false},"author":2,"featured_media":812,"comment_status":"open","ping_status":"open","sticky":false,"template":"","format":"standard","meta":{"_jetpack_memberships_contains_paid_content":false,"footnotes":"","jetpack_publicize_message":"","jetpack_publicize_feature_enabled":true,"jetpack_social_post_already_shared":true,"jetpack_social_options":{"image_generator_settings":{"template":"highway","default_image_id":0,"font":"","enabled":false},"version":2}},"categories":[30,24],"tags":[49,296],"class_list":{"0":"post-1667","1":"post","2":"type-post","3":"status-publish","4":"format-standard","5":"has-post-thumbnail","7":"category-faits-divers","8":"category-news","9":"tag-general-mamadi-doumbouya","10":"tag-gratuite-des-cartes-didentite-biometrique"},"jetpack_publicize_connections":[],"jetpack_featured_media_url":"https:\/\/ledenonciateur224.com\/wp-content\/uploads\/2025\/01\/img-20241220-wa0061.jpg","jetpack_sharing_enabled":true,"_links":{"self":[{"href":"https:\/\/ledenonciateur224.com\/index.php\/wp-json\/wp\/v2\/posts\/1667","targetHints":{"allow":["GET"]}}],"collection":[{"href":"https:\/\/ledenonciateur224.com\/index.php\/wp-json\/wp\/v2\/posts"}],"about":[{"href":"https:\/\/ledenonciateur224.com\/index.php\/wp-json\/wp\/v2\/types\/post"}],"author":[{"embeddable":true,"href":"https:\/\/ledenonciateur224.com\/index.php\/wp-json\/wp\/v2\/users\/2"}],"replies":[{"embeddable":true,"href":"https:\/\/ledenonciateur224.com\/index.php\/wp-json\/wp\/v2\/comments?post=1667"}],"version-history":[{"count":0,"href":"https:\/\/ledenonciateur224.com\/index.php\/wp-json\/wp\/v2\/posts\/1667\/revisions"}],"wp:featuredmedia":[{"embeddable":true,"href":"https:\/\/ledenonciateur224.com\/index.php\/wp-json\/wp\/v2\/media\/812"}],"wp:attachment":[{"href":"https:\/\/ledenonciateur224.com\/index.php\/wp-json\/wp\/v2\/media?parent=1667"}],"wp:term":[{"taxonomy":"category","embeddable":true,"href":"https:\/\/ledenonciateur224.com\/index.php\/wp-json\/wp\/v2\/categories?post=1667"},{"taxonomy":"post_tag","embeddable":true,"href":"https:\/\/ledenonciateur224.com\/index.php\/wp-json\/wp\/v2\/tags?post=1667"}],"curies":[{"name":"wp","href":"https:\/\/api.w.org\/{rel}","templated":true}]}}