{"id":1671,"date":"2025-03-02T15:20:08","date_gmt":"2025-03-02T15:20:08","guid":{"rendered":"https:\/\/ledenonciateur224.com\/?p=1671"},"modified":"2025-03-02T15:20:08","modified_gmt":"2025-03-02T15:20:08","slug":"rencontre-historique-lufdg-lanad-et-dautres-partis-politiques-echangent-avec-le-president-de-la-transition","status":"publish","type":"post","link":"https:\/\/ledenonciateur224.com\/index.php\/rencontre-historique-lufdg-lanad-et-dautres-partis-politiques-echangent-avec-le-president-de-la-transition\/","title":{"rendered":"Rencontre historique : l&rsquo;UFDG, l&rsquo;ANAD et d&rsquo;autres partis politiques \u00e9changent avec le Pr\u00e9sident de la Transition"},"content":{"rendered":"<p>C\u2019est l\u2019image marquante de la journ\u00e9e. Le jeudi 27 f\u00e9vrier 2025, plusieurs cadres de l\u2019UFDG et de l\u2019ANAD ont \u00e9t\u00e9 re\u00e7us par le Pr\u00e9sident de la Transition, le G\u00e9n\u00e9ral Mamadi Doumbouya, dans un climat d\u2019\u00e9changes constructifs. Cette rencontre s\u2019inscrit dans le cadre de l\u2019appel \u00e0 la concertation lanc\u00e9 par le Pr\u00e9sident \u00e0 l\u2019ensemble de la classe politique guin\u00e9enne, lors de son adresse du 31 d\u00e9cembre 2024. Selon nos sources, la r\u00e9union a permis de rappeler l\u2019importance de privil\u00e9gier le dialogue et de rejeter la violence, tout en soulignant que des repr\u00e9sentants d&rsquo;autres partis politiques, tels que l&rsquo;UFR et le RPG Arc-en-Ciel, ont \u00e9galement \u00e9t\u00e9 re\u00e7us, marquant ainsi une ouverture significative de la pr\u00e9sidence aux diverses forces politiques du pays.<\/p>\n<p><em>\u00ab Je dis que les cadres de l\u2019UFDG, tous les responsables de l\u2019UFDG ont choisi le dialogue et la concertation en lieu et place de la confrontation et de la violence. Aujourd\u2019hui, il n\u2019y a que Cellou Dalein qui est dans l\u2019aile de la perp\u00e9tuation de la violence. Tout le monde a compris qu\u2019il faut tourner le dos \u00e0 la violence. Tout le monde aujourd\u2019hui est d\u2019accord sur la n\u00e9cessit\u00e9 du renouvellement et de la refondation \u00e0 l\u2019UFDG. Et tout le monde est d\u2019accord de r\u00e9pondre \u00e0 la main tendue du chef de l\u2019\u00c9tat pour d\u00e9velopper la Guin\u00e9e. C\u2019est dans cet esprit-l\u00e0 qu\u2019il faut voir ce type de rencontres. C\u2019est dans cet esprit qu\u2019il faut voir ce type d\u2019\u00e9changes avec le Pr\u00e9sident de la R\u00e9publique. Tout le monde est dans la n\u00e9gociation \u00bb<\/em>, a confi\u00e9 une bonne source \u00e0 nos confr\u00e8res de Mosaiqueguinee.com.<\/p>\n<p>Enfin, notre source est formelle\u00a0:\u00a0<em>\u00ab\u00a0au-del\u00e0 de ces cadres sur la photo, beaucoup d\u2019autres cadres de l\u2019UFDG, de l\u2019UFR, du RPG arc-en ciel ont \u00e9t\u00e9 re\u00e7us \u00e0 la pr\u00e9sidence pour r\u00e9pondre favorablement \u00e0 l\u2019appel, au dialogue, \u00e0 la concertation pour la construction de notre pays\u00a0\u00bb<\/em>, a-t-il conclu.<\/p>\n<p>&nbsp;<\/p>\n<p>Ledenonciateur224.com<\/p>\n","protected":false},"excerpt":{"rendered":"<p>C\u2019est l\u2019image marquante de la journ\u00e9e. Le jeudi 27 f\u00e9vrier 2025, plusieurs cadres de l\u2019UFDG et de l\u2019ANAD ont \u00e9t\u00e9 re\u00e7us par le Pr\u00e9sident de la Transition, le G\u00e9n\u00e9ral Mamadi Doumbouya, dans un climat d\u2019\u00e9changes constructifs. Cette rencontre s\u2019inscrit dans le cadre de l\u2019appel \u00e0 la concertation lanc\u00e9 par le Pr\u00e9sident \u00e0 l\u2019ensemble de la [&hellip;]<\/p>\n","protected":false},"author":2,"featured_media":1672,"comment_status":"open","ping_status":"open","sticky":false,"template":"","format":"standard","meta":{"_jetpack_memberships_contains_paid_content":false,"footnotes":"","jetpack_publicize_message":"","jetpack_publicize_feature_enabled":true,"jetpack_social_post_already_shared":true,"jetpack_social_options":{"image_generator_settings":{"template":"highway","default_image_id":0,"font":"","enabled":false},"version":2}},"categories":[24,27],"tags":[417,44,65],"class_list":{"0":"post-1671","1":"post","2":"type-post","3":"status-publish","4":"format-standard","5":"has-post-thumbnail","7":"category-news","8":"category-politique","9":"tag-anad","10":"tag-cnrd","11":"tag-ufdg"},"jetpack_publicize_connections":[],"jetpack_featured_media_url":"https:\/\/ledenonciateur224.com\/wp-content\/uploads\/2025\/03\/cellou-balde-malado-ousmane-gaoual-mamadi-doumbouya-lamine-diallo-diao-balde.jpeg","jetpack_sharing_enabled":true,"_links":{"self":[{"href":"https:\/\/ledenonciateur224.com\/index.php\/wp-json\/wp\/v2\/posts\/1671","targetHints":{"allow":["GET"]}}],"collection":[{"href":"https:\/\/ledenonciateur224.com\/index.php\/wp-json\/wp\/v2\/posts"}],"about":[{"href":"https:\/\/ledenonciateur224.com\/index.php\/wp-json\/wp\/v2\/types\/post"}],"author":[{"embeddable":true,"href":"https:\/\/ledenonciateur224.com\/index.php\/wp-json\/wp\/v2\/users\/2"}],"replies":[{"embeddable":true,"href":"https:\/\/ledenonciateur224.com\/index.php\/wp-json\/wp\/v2\/comments?post=1671"}],"version-history":[{"count":0,"href":"https:\/\/ledenonciateur224.com\/index.php\/wp-json\/wp\/v2\/posts\/1671\/revisions"}],"wp:featuredmedia":[{"embeddable":true,"href":"https:\/\/ledenonciateur224.com\/index.php\/wp-json\/wp\/v2\/media\/1672"}],"wp:attachment":[{"href":"https:\/\/ledenonciateur224.com\/index.php\/wp-json\/wp\/v2\/media?parent=1671"}],"wp:term":[{"taxonomy":"category","embeddable":true,"href":"https:\/\/ledenonciateur224.com\/index.php\/wp-json\/wp\/v2\/categories?post=1671"},{"taxonomy":"post_tag","embeddable":true,"href":"https:\/\/ledenonciateur224.com\/index.php\/wp-json\/wp\/v2\/tags?post=1671"}],"curies":[{"name":"wp","href":"https:\/\/api.w.org\/{rel}","templated":true}]}}