{"id":1679,"date":"2025-03-03T09:44:54","date_gmt":"2025-03-03T09:44:54","guid":{"rendered":"https:\/\/ledenonciateur224.com\/?p=1679"},"modified":"2025-03-03T09:44:54","modified_gmt":"2025-03-03T09:44:54","slug":"rencontre-surprise-entre-dirigeants-de-lufdg-et-le-president-doumbouya-une-discussion-qui-suscite-debats-et-speculations","status":"publish","type":"post","link":"https:\/\/ledenonciateur224.com\/index.php\/rencontre-surprise-entre-dirigeants-de-lufdg-et-le-president-doumbouya-une-discussion-qui-suscite-debats-et-speculations\/","title":{"rendered":"Rencontre surprise entre dirigeants de l&rsquo;UFDG et le Pr\u00e9sident Doumbouya : Une discussion qui suscite d\u00e9bats et sp\u00e9culations"},"content":{"rendered":"<p>Une rencontre inattendue entre deux hauts responsables de l&rsquo;Union des Forces D\u00e9mocratiques de Guin\u00e9e (UFDG) et le Pr\u00e9sident Mamadi Doumbouya a r\u00e9cemment aliment\u00e9 les discussions sur les r\u00e9seaux sociaux et dans les m\u00e9dias guin\u00e9ens. Cellou Bald\u00e9, ancien d\u00e9put\u00e9 uninominal de Lab\u00e9 et coordinateur national des f\u00e9d\u00e9rations de l&rsquo;UFDG, ainsi que Maladho Diallo, le tr\u00e9sorier du parti dirig\u00e9 par Cellou Dalein Diallo, ont \u00e9t\u00e9 re\u00e7us par le chef de l&rsquo;\u00c9tat \u00e0 la fin du mois de f\u00e9vrier.<\/p>\n<p>Bien que cette rencontre fasse l&rsquo;objet de sp\u00e9culations et de d\u00e9bats, Joachim Baba Milimouno, directeur de la cellule de communication du parti, a cherch\u00e9 \u00e0 relativiser l&rsquo;importance de cette entrevue. Selon lui, il n&rsquo;y a rien d&rsquo;anormal \u00e0 ce que des membres de l&rsquo;UFDG rencontrent le pr\u00e9sident ou des membres de l&rsquo;administration. Il a pr\u00e9cis\u00e9 : <em>\u00ab Ce n\u2019est pas interdit de rencontrer le Pr\u00e9sident ou des membres de l\u2019administration, quel que soit leur niveau. Nous attendons de voir si cette rencontre d\u00e9bouchera sur des offres de postes ou des d\u00e9bauchages. Pour l\u2019instant, il n\u2019y a pas de raison de s&rsquo;inqui\u00e9ter \u00bb<\/em>.<\/p>\n<p>Cette d\u00e9claration vise \u00e0 apaiser les craintes, mais la rencontre reste un sujet br\u00fblant dans le contexte politique actuel de la Guin\u00e9e, o\u00f9 les alliances et les strat\u00e9gies sont toujours sous haute surveillance. La question qui demeure est : cette entrevue pourrait-elle annoncer de nouvelles \u00e9volutions politiques au sein de l&rsquo;UFDG ou s&rsquo;agit-il simplement d&rsquo;un \u00e9change informel sans cons\u00e9quences majeures ? Seul l&rsquo;avenir nous le dira.<\/p>\n<p>&nbsp;<\/p>\n<p>Ledenonciateur224.com<\/p>\n","protected":false},"excerpt":{"rendered":"<p>Une rencontre inattendue entre deux hauts responsables de l&rsquo;Union des Forces D\u00e9mocratiques de Guin\u00e9e (UFDG) et le Pr\u00e9sident Mamadi Doumbouya a r\u00e9cemment aliment\u00e9 les discussions sur les r\u00e9seaux sociaux et dans les m\u00e9dias guin\u00e9ens. Cellou Bald\u00e9, ancien d\u00e9put\u00e9 uninominal de Lab\u00e9 et coordinateur national des f\u00e9d\u00e9rations de l&rsquo;UFDG, ainsi que Maladho Diallo, le tr\u00e9sorier du [&hellip;]<\/p>\n","protected":false},"author":2,"featured_media":1680,"comment_status":"open","ping_status":"open","sticky":false,"template":"","format":"standard","meta":{"_jetpack_memberships_contains_paid_content":false,"footnotes":"","jetpack_publicize_message":"","jetpack_publicize_feature_enabled":true,"jetpack_social_post_already_shared":true,"jetpack_social_options":{"image_generator_settings":{"template":"highway","default_image_id":0,"font":"","enabled":false},"version":2}},"categories":[24,27],"tags":[44,35,65],"class_list":{"0":"post-1679","1":"post","2":"type-post","3":"status-publish","4":"format-standard","5":"has-post-thumbnail","7":"category-news","8":"category-politique","9":"tag-cnrd","10":"tag-guinee","11":"tag-ufdg"},"jetpack_publicize_connections":[],"jetpack_featured_media_url":"https:\/\/ledenonciateur224.com\/wp-content\/uploads\/2025\/03\/images-3.jpeg","jetpack_sharing_enabled":true,"_links":{"self":[{"href":"https:\/\/ledenonciateur224.com\/index.php\/wp-json\/wp\/v2\/posts\/1679","targetHints":{"allow":["GET"]}}],"collection":[{"href":"https:\/\/ledenonciateur224.com\/index.php\/wp-json\/wp\/v2\/posts"}],"about":[{"href":"https:\/\/ledenonciateur224.com\/index.php\/wp-json\/wp\/v2\/types\/post"}],"author":[{"embeddable":true,"href":"https:\/\/ledenonciateur224.com\/index.php\/wp-json\/wp\/v2\/users\/2"}],"replies":[{"embeddable":true,"href":"https:\/\/ledenonciateur224.com\/index.php\/wp-json\/wp\/v2\/comments?post=1679"}],"version-history":[{"count":0,"href":"https:\/\/ledenonciateur224.com\/index.php\/wp-json\/wp\/v2\/posts\/1679\/revisions"}],"wp:featuredmedia":[{"embeddable":true,"href":"https:\/\/ledenonciateur224.com\/index.php\/wp-json\/wp\/v2\/media\/1680"}],"wp:attachment":[{"href":"https:\/\/ledenonciateur224.com\/index.php\/wp-json\/wp\/v2\/media?parent=1679"}],"wp:term":[{"taxonomy":"category","embeddable":true,"href":"https:\/\/ledenonciateur224.com\/index.php\/wp-json\/wp\/v2\/categories?post=1679"},{"taxonomy":"post_tag","embeddable":true,"href":"https:\/\/ledenonciateur224.com\/index.php\/wp-json\/wp\/v2\/tags?post=1679"}],"curies":[{"name":"wp","href":"https:\/\/api.w.org\/{rel}","templated":true}]}}