{"id":1719,"date":"2025-03-05T12:23:38","date_gmt":"2025-03-05T12:23:38","guid":{"rendered":"https:\/\/ledenonciateur224.com\/?p=1719"},"modified":"2025-03-05T12:23:38","modified_gmt":"2025-03-05T12:23:38","slug":"guinee-le-premier-ministre-garantit-le-retour-a-lordre-constitutionnel-en-2025","status":"publish","type":"post","link":"https:\/\/ledenonciateur224.com\/index.php\/guinee-le-premier-ministre-garantit-le-retour-a-lordre-constitutionnel-en-2025\/","title":{"rendered":"Guin\u00e9e : Le Premier ministre garantit le retour \u00e0 l&rsquo;ordre constitutionnel en 2025"},"content":{"rendered":"<p>Lors d&rsquo;une conf\u00e9rence de presse tenue le mercredi 5 mars 2025, le Premier ministre de Guin\u00e9e a confirm\u00e9 que le pays retrouvera l&rsquo;ordre constitutionnel cette ann\u00e9e. Il a mis l&rsquo;accent sur l&rsquo;organisation du r\u00e9f\u00e9rendum constitutionnel, ainsi que des \u00e9lections pr\u00e9sidentielle et l\u00e9gislatives, soulignant que leur r\u00e9alisation est un objectif prioritaire du gouvernement.<\/p>\n<p>Le Premier ministre a expliqu\u00e9 que la constitution du fichier \u00e9lectoral repr\u00e9sente la principale difficult\u00e9 \u00e0 surmonter. Il a rappel\u00e9 que, depuis le d\u00e9but de la d\u00e9mocratisation en Guin\u00e9e, un fichier \u00e9lectoral consensuel n&rsquo;a jamais \u00e9t\u00e9 atteint. Selon lui, le fichier actuel repose sur le Programme National de Recensement Administratif \u00e0 Vocation d&rsquo;Etat Civil (PN-RAVEC), un outil crucial pour la gestion des \u00e9lections. Bien que des pays aient mis plusieurs ann\u00e9es pour finaliser des processus similaires, il a assur\u00e9 que le gouvernement fait tout pour acc\u00e9l\u00e9rer le processus tout en \u00e9tant prudent.<\/p>\n<p>Amadou Oury Bah a r\u00e9v\u00e9l\u00e9 avoir instruit le ministre de l&rsquo;Administration du Territoire de convoquer un comit\u00e9 de pilotage pour coordonner les \u00e9tapes du processus \u00e9lectoral. Le but est d&rsquo;\u00e9tablir, en concertation, un calendrier pour le r\u00e9f\u00e9rendum et les \u00e9lections \u00e0 venir.<\/p>\n<p>Le Premier ministre a soulign\u00e9 que le pr\u00e9sident de la R\u00e9publique consid\u00e8re cette r\u00e9forme comme essentielle pour \u00e9tablir un socle solide de gouvernance d\u00e9mocratique, et que le PN-RAVEC sera la base de ce fichier \u00e9lectoral national. Il a \u00e9galement assur\u00e9 que, d&rsquo;ici la fin de l&rsquo;ann\u00e9e, le pays conna\u00eetra un retour effectif \u00e0 l&rsquo;ordre constitutionnel, avec des \u00e9lections dans un d\u00e9lai raisonnable.<\/p>\n<p>&nbsp;<\/p>\n<p>Ce processus vise \u00e0 garantir une stabilit\u00e9 durable pour la Guin\u00e9e et \u00e0 renforcer la confiance dans son syst\u00e8me \u00e9lectoral.<\/p>\n<p><em>Aboubacar Moussa Camara<\/em><\/p>\n<p><em>\u00a0622 42 41 87\u00a0<\/em><\/p>\n","protected":false},"excerpt":{"rendered":"<p>Lors d&rsquo;une conf\u00e9rence de presse tenue le mercredi 5 mars 2025, le Premier ministre de Guin\u00e9e a confirm\u00e9 que le pays retrouvera l&rsquo;ordre constitutionnel cette ann\u00e9e. Il a mis l&rsquo;accent sur l&rsquo;organisation du r\u00e9f\u00e9rendum constitutionnel, ainsi que des \u00e9lections pr\u00e9sidentielle et l\u00e9gislatives, soulignant que leur r\u00e9alisation est un objectif prioritaire du gouvernement. Le Premier ministre [&hellip;]<\/p>\n","protected":false},"author":2,"featured_media":1720,"comment_status":"open","ping_status":"open","sticky":false,"template":"","format":"standard","meta":{"_jetpack_memberships_contains_paid_content":false,"footnotes":"","jetpack_publicize_message":"","jetpack_publicize_feature_enabled":true,"jetpack_social_post_already_shared":true,"jetpack_social_options":{"image_generator_settings":{"template":"highway","default_image_id":0,"font":"","enabled":false},"version":2}},"categories":[24,27],"tags":[35,434,435],"class_list":{"0":"post-1719","1":"post","2":"type-post","3":"status-publish","4":"format-standard","5":"has-post-thumbnail","7":"category-news","8":"category-politique","9":"tag-guinee","10":"tag-premier-ministre","11":"tag-retour-a-lordre-constitutionnel"},"jetpack_publicize_connections":[],"jetpack_featured_media_url":"https:\/\/ledenonciateur224.com\/wp-content\/uploads\/2025\/03\/bah-oury.jpg","jetpack_sharing_enabled":true,"_links":{"self":[{"href":"https:\/\/ledenonciateur224.com\/index.php\/wp-json\/wp\/v2\/posts\/1719","targetHints":{"allow":["GET"]}}],"collection":[{"href":"https:\/\/ledenonciateur224.com\/index.php\/wp-json\/wp\/v2\/posts"}],"about":[{"href":"https:\/\/ledenonciateur224.com\/index.php\/wp-json\/wp\/v2\/types\/post"}],"author":[{"embeddable":true,"href":"https:\/\/ledenonciateur224.com\/index.php\/wp-json\/wp\/v2\/users\/2"}],"replies":[{"embeddable":true,"href":"https:\/\/ledenonciateur224.com\/index.php\/wp-json\/wp\/v2\/comments?post=1719"}],"version-history":[{"count":0,"href":"https:\/\/ledenonciateur224.com\/index.php\/wp-json\/wp\/v2\/posts\/1719\/revisions"}],"wp:featuredmedia":[{"embeddable":true,"href":"https:\/\/ledenonciateur224.com\/index.php\/wp-json\/wp\/v2\/media\/1720"}],"wp:attachment":[{"href":"https:\/\/ledenonciateur224.com\/index.php\/wp-json\/wp\/v2\/media?parent=1719"}],"wp:term":[{"taxonomy":"category","embeddable":true,"href":"https:\/\/ledenonciateur224.com\/index.php\/wp-json\/wp\/v2\/categories?post=1719"},{"taxonomy":"post_tag","embeddable":true,"href":"https:\/\/ledenonciateur224.com\/index.php\/wp-json\/wp\/v2\/tags?post=1719"}],"curies":[{"name":"wp","href":"https:\/\/api.w.org\/{rel}","templated":true}]}}