{"id":1723,"date":"2025-03-05T13:08:28","date_gmt":"2025-03-05T13:08:28","guid":{"rendered":"https:\/\/ledenonciateur224.com\/?p=1723"},"modified":"2025-03-05T13:08:28","modified_gmt":"2025-03-05T13:08:28","slug":"general-mamadi-doumbouya-amadou-oury-bah-clarifie-la-position-du-gouvernement-sur-sa-candidature","status":"publish","type":"post","link":"https:\/\/ledenonciateur224.com\/index.php\/general-mamadi-doumbouya-amadou-oury-bah-clarifie-la-position-du-gouvernement-sur-sa-candidature\/","title":{"rendered":"G\u00e9n\u00e9ral Mamadi Doumbouya : Amadou Oury Bah clarifie la position du gouvernement sur sa candidature"},"content":{"rendered":"<p>Lors d&rsquo;une conf\u00e9rence de presse tenue ce mercredi \u00e0 la plage Camayenne, le Premier ministre guin\u00e9en, Amadou Oury Bah, a abord\u00e9 plusieurs sujets d&rsquo;actualit\u00e9 majeurs, dont la question de la candidature du G\u00e9n\u00e9ral Mamadi Doumbouya \u00e0 la prochaine \u00e9lection pr\u00e9sidentielle.<\/p>\n<p>Interrog\u00e9 sur ce sujet sensible, le Premier ministre a pr\u00e9cis\u00e9 la position officielle du gouvernement, affirmant que la priorit\u00e9 devait \u00eatre donn\u00e9e \u00e0 la Constitution dans cette affaire, au-del\u00e0 des d\u00e9sirs personnels.\u00ab La candidature du Chef de l\u2019Etat, c\u2019est la constitution qui prime ind\u00e9pendamment de la volont\u00e9 de quiconque d\u2019entre-nous. La d\u00e9cision finale de candidature revient au pr\u00e9sident de la R\u00e9publique. Si la constitution lui permet, en toute objectivit\u00e9, il n\u2019y a aucune raison de le lui refuser. \u00bb\u00a0a-t-il d\u00e9clar\u00e9.<\/p>\n<p>Amadou Oury Bah a \u00e9galement soulign\u00e9 que le bilan du pr\u00e9sident actuel devait \u00eatre pris en compte dans cette r\u00e9flexion. \u00abMaintenant le regard par le r\u00e9troviseur si le bilan parle, ce bilan c\u2019est cela qui est fondamental et le bilan parle de lui-m\u00eame \u00bb, a-t-il ajout\u00e9, sugg\u00e9rant que l\u2019\u00e9valuation de la gestion du G\u00e9n\u00e9ral Mamadi Doumbouya serait le crit\u00e8re d\u00e9cisif dans toute d\u00e9cision concernant sa candidature.<\/p>\n<p>&nbsp;<\/p>\n<p>Ledenonciateur224.com<\/p>\n","protected":false},"excerpt":{"rendered":"<p>Lors d&rsquo;une conf\u00e9rence de presse tenue ce mercredi \u00e0 la plage Camayenne, le Premier ministre guin\u00e9en, Amadou Oury Bah, a abord\u00e9 plusieurs sujets d&rsquo;actualit\u00e9 majeurs, dont la question de la candidature du G\u00e9n\u00e9ral Mamadi Doumbouya \u00e0 la prochaine \u00e9lection pr\u00e9sidentielle. Interrog\u00e9 sur ce sujet sensible, le Premier ministre a pr\u00e9cis\u00e9 la position officielle du gouvernement, [&hellip;]<\/p>\n","protected":false},"author":2,"featured_media":1724,"comment_status":"open","ping_status":"open","sticky":false,"template":"","format":"standard","meta":{"_jetpack_memberships_contains_paid_content":false,"footnotes":"","jetpack_publicize_message":"","jetpack_publicize_feature_enabled":true,"jetpack_social_post_already_shared":true,"jetpack_social_options":{"image_generator_settings":{"template":"highway","default_image_id":0,"font":"","enabled":false},"version":2}},"categories":[24,27],"tags":[243,434],"class_list":{"0":"post-1723","1":"post","2":"type-post","3":"status-publish","4":"format-standard","5":"has-post-thumbnail","7":"category-news","8":"category-politique","9":"tag-candidature-du-general-mamadi-doumbouya","10":"tag-premier-ministre"},"jetpack_publicize_connections":[],"jetpack_featured_media_url":"https:\/\/ledenonciateur224.com\/wp-content\/uploads\/2025\/03\/fb-img-1741176305996-1079x570-1.jpg","jetpack_sharing_enabled":true,"_links":{"self":[{"href":"https:\/\/ledenonciateur224.com\/index.php\/wp-json\/wp\/v2\/posts\/1723","targetHints":{"allow":["GET"]}}],"collection":[{"href":"https:\/\/ledenonciateur224.com\/index.php\/wp-json\/wp\/v2\/posts"}],"about":[{"href":"https:\/\/ledenonciateur224.com\/index.php\/wp-json\/wp\/v2\/types\/post"}],"author":[{"embeddable":true,"href":"https:\/\/ledenonciateur224.com\/index.php\/wp-json\/wp\/v2\/users\/2"}],"replies":[{"embeddable":true,"href":"https:\/\/ledenonciateur224.com\/index.php\/wp-json\/wp\/v2\/comments?post=1723"}],"version-history":[{"count":0,"href":"https:\/\/ledenonciateur224.com\/index.php\/wp-json\/wp\/v2\/posts\/1723\/revisions"}],"wp:featuredmedia":[{"embeddable":true,"href":"https:\/\/ledenonciateur224.com\/index.php\/wp-json\/wp\/v2\/media\/1724"}],"wp:attachment":[{"href":"https:\/\/ledenonciateur224.com\/index.php\/wp-json\/wp\/v2\/media?parent=1723"}],"wp:term":[{"taxonomy":"category","embeddable":true,"href":"https:\/\/ledenonciateur224.com\/index.php\/wp-json\/wp\/v2\/categories?post=1723"},{"taxonomy":"post_tag","embeddable":true,"href":"https:\/\/ledenonciateur224.com\/index.php\/wp-json\/wp\/v2\/tags?post=1723"}],"curies":[{"name":"wp","href":"https:\/\/api.w.org\/{rel}","templated":true}]}}