{"id":1730,"date":"2025-03-06T09:08:09","date_gmt":"2025-03-06T09:08:09","guid":{"rendered":"https:\/\/ledenonciateur224.com\/?p=1730"},"modified":"2025-03-06T09:08:09","modified_gmt":"2025-03-06T09:08:09","slug":"amadou-oury-bah-mon-engagement-politique-a-toujours-ete-au-service-du-pays-pas-de-ma-propre-ambition","status":"publish","type":"post","link":"https:\/\/ledenonciateur224.com\/index.php\/amadou-oury-bah-mon-engagement-politique-a-toujours-ete-au-service-du-pays-pas-de-ma-propre-ambition\/","title":{"rendered":"Amadou Oury Bah : Mon engagement politique a toujours \u00e9t\u00e9 au service du pays, pas de ma propre ambition"},"content":{"rendered":"<p>Le Premier ministre Amadou Oury Bah a pris la parole ce mercredi 5 mars 2025 pour clarifier son parcours politique et sa vision sur les \u00e9volutions au sein de l\u2019Union des Forces D\u00e9mocratiques de Guin\u00e9e (UFDG), qu\u2019il a contribu\u00e9 \u00e0 fonder. Accus\u00e9 par certains de \u00ab\u00a0renier ses convictions\u00a0\u00bb, il a fermement rejet\u00e9 ces all\u00e9gations, soulignant que tout au long de sa carri\u00e8re, il n\u2019a jamais mis en avant ses ambitions personnelles.<\/p>\n<p>Amadou Oury Bah a rappel\u00e9 qu\u2019il a fond\u00e9 l\u2019UFDG dans le but de cr\u00e9er une alternative politique forte pour la Guin\u00e9e. Exclu du parti en 2016, il a expliqu\u00e9 que la d\u00e9cision de faire appel au doyen B\u00e2 Mamadou en 2002 pour diriger le parti \u00e9tait motiv\u00e9e par sa vision et sa l\u00e9gitimit\u00e9. Ce choix avait pour objectif de tirer parti de son exp\u00e9rience afin de donner une nouvelle direction au parti. Plus tard, en 2008, il a ajout\u00e9 que l&rsquo;arriv\u00e9e de Cellou Dalein Diallo \u00e0 la pr\u00e9sidence du parti s&rsquo;inscrivait dans une volont\u00e9 de r\u00e9former et de rassembler au-del\u00e0 des clivages ethniques, en raison de ses qualit\u00e9s de r\u00e9formateur et de leader rassembleur.<\/p>\n<p>&nbsp;<\/p>\n<p>Devenu Premier ministre en f\u00e9vrier 2024, Amadou Oury Bah a assur\u00e9 que sa nouvelle fonction refl\u00e8te ses convictions profondes en mati\u00e8re de d\u00e9veloppement socio\u00e9conomique pour la Guin\u00e9e. Il a exprim\u00e9 sa pleine adh\u00e9sion \u00e0 la vision du pr\u00e9sident Mamadi Doumbouya, mettant en avant des projets majeurs en cours, comme le d\u00e9veloppement du Simandou, qui contribueront \u00e0 positionner la Guin\u00e9e comme la locomotive \u00e9conomique de l\u2019Afrique de l\u2019Ouest. Selon lui, ces initiatives constituent un travail honorifique, en ligne avec ses principes politiques, et ont pour but d\u2019assurer un avenir prosp\u00e8re pour la population guin\u00e9enne.<\/p>\n<p>&nbsp;<\/p>\n<p><em>Aboubacar Moussa Camara<\/em><\/p>\n<p><em>\u00a0622 42 41 87\u00a0<\/em><\/p>\n","protected":false},"excerpt":{"rendered":"<p>Le Premier ministre Amadou Oury Bah a pris la parole ce mercredi 5 mars 2025 pour clarifier son parcours politique et sa vision sur les \u00e9volutions au sein de l\u2019Union des Forces D\u00e9mocratiques de Guin\u00e9e (UFDG), qu\u2019il a contribu\u00e9 \u00e0 fonder. Accus\u00e9 par certains de \u00ab\u00a0renier ses convictions\u00a0\u00bb, il a fermement rejet\u00e9 ces all\u00e9gations, soulignant [&hellip;]<\/p>\n","protected":false},"author":2,"featured_media":1720,"comment_status":"open","ping_status":"open","sticky":false,"template":"","format":"standard","meta":{"_jetpack_memberships_contains_paid_content":false,"footnotes":"","jetpack_publicize_message":"","jetpack_publicize_feature_enabled":true,"jetpack_social_post_already_shared":true,"jetpack_social_options":{"image_generator_settings":{"template":"highway","default_image_id":0,"font":"","enabled":false},"version":2}},"categories":[24,27],"tags":[427,236,66],"class_list":{"0":"post-1730","1":"post","2":"type-post","3":"status-publish","4":"format-standard","5":"has-post-thumbnail","7":"category-news","8":"category-politique","9":"tag-des-partis-politiques-guineens","10":"tag-le-pm-bah-oury","11":"tag-transition"},"jetpack_publicize_connections":[],"jetpack_featured_media_url":"https:\/\/ledenonciateur224.com\/wp-content\/uploads\/2025\/03\/bah-oury.jpg","jetpack_sharing_enabled":true,"_links":{"self":[{"href":"https:\/\/ledenonciateur224.com\/index.php\/wp-json\/wp\/v2\/posts\/1730","targetHints":{"allow":["GET"]}}],"collection":[{"href":"https:\/\/ledenonciateur224.com\/index.php\/wp-json\/wp\/v2\/posts"}],"about":[{"href":"https:\/\/ledenonciateur224.com\/index.php\/wp-json\/wp\/v2\/types\/post"}],"author":[{"embeddable":true,"href":"https:\/\/ledenonciateur224.com\/index.php\/wp-json\/wp\/v2\/users\/2"}],"replies":[{"embeddable":true,"href":"https:\/\/ledenonciateur224.com\/index.php\/wp-json\/wp\/v2\/comments?post=1730"}],"version-history":[{"count":0,"href":"https:\/\/ledenonciateur224.com\/index.php\/wp-json\/wp\/v2\/posts\/1730\/revisions"}],"wp:featuredmedia":[{"embeddable":true,"href":"https:\/\/ledenonciateur224.com\/index.php\/wp-json\/wp\/v2\/media\/1720"}],"wp:attachment":[{"href":"https:\/\/ledenonciateur224.com\/index.php\/wp-json\/wp\/v2\/media?parent=1730"}],"wp:term":[{"taxonomy":"category","embeddable":true,"href":"https:\/\/ledenonciateur224.com\/index.php\/wp-json\/wp\/v2\/categories?post=1730"},{"taxonomy":"post_tag","embeddable":true,"href":"https:\/\/ledenonciateur224.com\/index.php\/wp-json\/wp\/v2\/tags?post=1730"}],"curies":[{"name":"wp","href":"https:\/\/api.w.org\/{rel}","templated":true}]}}