{"id":1732,"date":"2025-03-06T14:53:15","date_gmt":"2025-03-06T14:53:15","guid":{"rendered":"https:\/\/ledenonciateur224.com\/?p=1732"},"modified":"2025-03-06T14:53:15","modified_gmt":"2025-03-06T14:53:15","slug":"le-directeur-general-de-la-police-nationale-lance-une-tournee-de-prise-de-contact-dans-larriere-pays-pour-renforcer-la-cohesion-et-la-securite","status":"publish","type":"post","link":"https:\/\/ledenonciateur224.com\/index.php\/le-directeur-general-de-la-police-nationale-lance-une-tournee-de-prise-de-contact-dans-larriere-pays-pour-renforcer-la-cohesion-et-la-securite\/","title":{"rendered":"Le Directeur G\u00e9n\u00e9ral de la Police Nationale lance une tourn\u00e9e de prise de contact dans l&rsquo;arri\u00e8re-pays pour renforcer la coh\u00e9sion et la s\u00e9curit\u00e9"},"content":{"rendered":"<p>Le mardi 4 mars 2025, le Directeur G\u00e9n\u00e9ral de la Police Nationale, le G\u00e9n\u00e9ral de division Djeneba Sory CAMARA, a entam\u00e9 une tourn\u00e9e de prise de contact dans les r\u00e9gions de l&rsquo;int\u00e9rieur du pays. Cette d\u00e9marche s&rsquo;inscrit dans un objectif pr\u00e9cis : mieux comprendre les r\u00e9alit\u00e9s du personnel de police d\u00e9ploy\u00e9 sur le terrain et renforcer les liens entre les diff\u00e9rentes structures de s\u00e9curit\u00e9.<\/p>\n<p><img loading=\"lazy\" decoding=\"async\" class=\"alignnone size-full wp-image-1733\" src=\"https:\/\/ledenonciateur224.com\/wp-content\/uploads\/2025\/03\/fb-img-1741255301515.jpg\" alt=\"\" width=\"720\" height=\"480\" srcset=\"https:\/\/ledenonciateur224.com\/wp-content\/uploads\/2025\/03\/fb-img-1741255301515.jpg 720w, https:\/\/ledenonciateur224.com\/wp-content\/uploads\/2025\/03\/fb-img-1741255301515-300x200.jpg 300w, https:\/\/ledenonciateur224.com\/wp-content\/uploads\/2025\/03\/fb-img-1741255301515-150x100.jpg 150w, https:\/\/ledenonciateur224.com\/wp-content\/uploads\/2025\/03\/fb-img-1741255301515-696x464.jpg 696w, https:\/\/ledenonciateur224.com\/wp-content\/uploads\/2025\/03\/fb-img-1741255301515-630x420.jpg 630w\" sizes=\"auto, (max-width: 720px) 100vw, 720px\" \/><\/p>\n<p>Le G\u00e9n\u00e9ral Djeneba Sory a \u00e9t\u00e9 accueilli avec les honneurs militaires dus \u00e0 son rang \u00e0 Kindia, Faranah, Mamou et Dabola. Tout au long de cette tourn\u00e9e, il a rencontr\u00e9 les forces de d\u00e9fense et de s\u00e9curit\u00e9, leur rappelant l&rsquo;importance de l&rsquo;esprit de coh\u00e9sion, de s\u00e9curit\u00e9 et de d\u00e9fense de l&rsquo;int\u00e9grit\u00e9 du territoire national.<\/p>\n<p>Au cours de ses interventions, le Grand Officier de l&rsquo;Ordre National du M\u00e9rite a soulign\u00e9 la n\u00e9cessit\u00e9 de maintenir une unit\u00e9 solide au sein des \u00e9quipes de s\u00e9curit\u00e9 pour faire face aux d\u00e9fis actuels. Il a \u00e9galement profit\u00e9 de l&rsquo;occasion pour rendre une visite de courtoisie aux gouverneurs et pr\u00e9fets des diff\u00e9rentes localit\u00e9s visit\u00e9es, renfor\u00e7ant ainsi les liens de coop\u00e9ration entre la police et les autorit\u00e9s locales.<\/p>\n<p><img loading=\"lazy\" decoding=\"async\" class=\"alignnone size-full wp-image-1734\" src=\"https:\/\/ledenonciateur224.com\/wp-content\/uploads\/2025\/03\/fb-img-1741255295768.jpg\" alt=\"\" width=\"720\" height=\"480\" srcset=\"https:\/\/ledenonciateur224.com\/wp-content\/uploads\/2025\/03\/fb-img-1741255295768.jpg 720w, https:\/\/ledenonciateur224.com\/wp-content\/uploads\/2025\/03\/fb-img-1741255295768-300x200.jpg 300w, https:\/\/ledenonciateur224.com\/wp-content\/uploads\/2025\/03\/fb-img-1741255295768-150x100.jpg 150w, https:\/\/ledenonciateur224.com\/wp-content\/uploads\/2025\/03\/fb-img-1741255295768-696x464.jpg 696w, https:\/\/ledenonciateur224.com\/wp-content\/uploads\/2025\/03\/fb-img-1741255295768-630x420.jpg 630w\" sizes=\"auto, (max-width: 720px) 100vw, 720px\" \/><\/p>\n<p>La journ\u00e9e s&rsquo;est termin\u00e9e par une visite au poste frontalier guin\u00e9o-sierra-l\u00e9onais de Heremakono, situ\u00e9 \u00e0 55 kilom\u00e8tres de Faranah, o\u00f9 il a salu\u00e9 l&rsquo;engagement des agents en poste \u00e0 assurer la s\u00e9curit\u00e9 aux fronti\u00e8res.<\/p>\n<p><img loading=\"lazy\" decoding=\"async\" class=\"alignnone size-full wp-image-1735\" src=\"https:\/\/ledenonciateur224.com\/wp-content\/uploads\/2025\/03\/fb-img-1741255286009.jpg\" alt=\"\" width=\"720\" height=\"480\" srcset=\"https:\/\/ledenonciateur224.com\/wp-content\/uploads\/2025\/03\/fb-img-1741255286009.jpg 720w, https:\/\/ledenonciateur224.com\/wp-content\/uploads\/2025\/03\/fb-img-1741255286009-300x200.jpg 300w, https:\/\/ledenonciateur224.com\/wp-content\/uploads\/2025\/03\/fb-img-1741255286009-150x100.jpg 150w, https:\/\/ledenonciateur224.com\/wp-content\/uploads\/2025\/03\/fb-img-1741255286009-696x464.jpg 696w, https:\/\/ledenonciateur224.com\/wp-content\/uploads\/2025\/03\/fb-img-1741255286009-630x420.jpg 630w\" sizes=\"auto, (max-width: 720px) 100vw, 720px\" \/><\/p>\n<p>Cette tourn\u00e9e du Directeur G\u00e9n\u00e9ral t\u00e9moigne de sa volont\u00e9 de renforcer la collaboration entre la Police Nationale et les autorit\u00e9s locales, tout en veillant \u00e0 l&rsquo;am\u00e9lioration continue des conditions de travail des policiers sur le terrain.<\/p>\n<p>&nbsp;<\/p>\n<p>Avec service de communication<\/p>\n","protected":false},"excerpt":{"rendered":"<p>Le mardi 4 mars 2025, le Directeur G\u00e9n\u00e9ral de la Police Nationale, le G\u00e9n\u00e9ral de division Djeneba Sory CAMARA, a entam\u00e9 une tourn\u00e9e de prise de contact dans les r\u00e9gions de l&rsquo;int\u00e9rieur du pays. Cette d\u00e9marche s&rsquo;inscrit dans un objectif pr\u00e9cis : mieux comprendre les r\u00e9alit\u00e9s du personnel de police d\u00e9ploy\u00e9 sur le terrain et [&hellip;]<\/p>\n","protected":false},"author":2,"featured_media":1736,"comment_status":"open","ping_status":"open","sticky":false,"template":"","format":"standard","meta":{"_jetpack_memberships_contains_paid_content":false,"footnotes":"","jetpack_publicize_message":"","jetpack_publicize_feature_enabled":true,"jetpack_social_post_already_shared":true,"jetpack_social_options":{"image_generator_settings":{"template":"highway","default_image_id":0,"font":"","enabled":false},"version":2}},"categories":[30,24,33],"tags":[437,436,94],"class_list":{"0":"post-1732","1":"post","2":"type-post","3":"status-publish","4":"format-standard","5":"has-post-thumbnail","7":"category-faits-divers","8":"category-news","9":"category-region","10":"tag-general-djeneba-sory-camara","11":"tag-police-nationale","12":"tag-securite"},"jetpack_publicize_connections":[],"jetpack_featured_media_url":"https:\/\/ledenonciateur224.com\/wp-content\/uploads\/2025\/03\/fb-img-1741255276517.jpg","jetpack_sharing_enabled":true,"_links":{"self":[{"href":"https:\/\/ledenonciateur224.com\/index.php\/wp-json\/wp\/v2\/posts\/1732","targetHints":{"allow":["GET"]}}],"collection":[{"href":"https:\/\/ledenonciateur224.com\/index.php\/wp-json\/wp\/v2\/posts"}],"about":[{"href":"https:\/\/ledenonciateur224.com\/index.php\/wp-json\/wp\/v2\/types\/post"}],"author":[{"embeddable":true,"href":"https:\/\/ledenonciateur224.com\/index.php\/wp-json\/wp\/v2\/users\/2"}],"replies":[{"embeddable":true,"href":"https:\/\/ledenonciateur224.com\/index.php\/wp-json\/wp\/v2\/comments?post=1732"}],"version-history":[{"count":0,"href":"https:\/\/ledenonciateur224.com\/index.php\/wp-json\/wp\/v2\/posts\/1732\/revisions"}],"wp:featuredmedia":[{"embeddable":true,"href":"https:\/\/ledenonciateur224.com\/index.php\/wp-json\/wp\/v2\/media\/1736"}],"wp:attachment":[{"href":"https:\/\/ledenonciateur224.com\/index.php\/wp-json\/wp\/v2\/media?parent=1732"}],"wp:term":[{"taxonomy":"category","embeddable":true,"href":"https:\/\/ledenonciateur224.com\/index.php\/wp-json\/wp\/v2\/categories?post=1732"},{"taxonomy":"post_tag","embeddable":true,"href":"https:\/\/ledenonciateur224.com\/index.php\/wp-json\/wp\/v2\/tags?post=1732"}],"curies":[{"name":"wp","href":"https:\/\/api.w.org\/{rel}","templated":true}]}}