{"id":1744,"date":"2025-03-06T22:01:34","date_gmt":"2025-03-06T22:01:34","guid":{"rendered":"https:\/\/ledenonciateur224.com\/?p=1744"},"modified":"2025-03-06T22:01:34","modified_gmt":"2025-03-06T22:01:34","slug":"urgent-dr-diao-balde-nomme-chef-de-cabinet-au-ministere-de-lenvironnement","status":"publish","type":"post","link":"https:\/\/ledenonciateur224.com\/index.php\/urgent-dr-diao-balde-nomme-chef-de-cabinet-au-ministere-de-lenvironnement\/","title":{"rendered":"Urgent: Dr Diao Bald\u00e9 nomm\u00e9 chef de cabinet au minist\u00e8re de l&rsquo;environnement\u00a0"},"content":{"rendered":"<p>Dans une d\u00e9cision surprise, Dr. Diao Bald\u00e9, pr\u00e9sident de l&rsquo;Union Guin\u00e9enne pour la Nation (UGN) et vice-pr\u00e9sident de l&rsquo;Alliance Nationale pour l&rsquo;Alternance D\u00e9mocratique (ANAD), a \u00e9t\u00e9 nomm\u00e9 chef de cabinet au Minist\u00e8re de l\u2019Environnement. Cette nomination intervient quelques jours apr\u00e8s sa rencontre avec le pr\u00e9sident de la Transition, le G\u00e9n\u00e9ral Mamadi Doumbouya, au palais Mohammed V, o\u00f9 il faisait partie du groupe des quatre leaders politiques re\u00e7us.<\/p>\n<p>&nbsp;<\/p>\n<p>Cette d\u00e9signation marque une nouvelle \u00e9tape dans la carri\u00e8re politique de Dr. Diao Bald\u00e9, reconnu pour son engagement au sein de l\u2019ANAD et pour sa volont\u00e9 de contribuer activement aux r\u00e9formes en cours dans le pays. Son entr\u00e9e au sein du gouvernement refl\u00e8te la volont\u00e9 de renforcer l\u2019inclusivit\u00e9 et l\u2019engagement des partis politiques dans le processus de transition en Guin\u00e9e.<\/p>\n<p>&nbsp;<\/p>\n<p>Ledenonciateur224.com<\/p>\n","protected":false},"excerpt":{"rendered":"<p>Dans une d\u00e9cision surprise, Dr. Diao Bald\u00e9, pr\u00e9sident de l&rsquo;Union Guin\u00e9enne pour la Nation (UGN) et vice-pr\u00e9sident de l&rsquo;Alliance Nationale pour l&rsquo;Alternance D\u00e9mocratique (ANAD), a \u00e9t\u00e9 nomm\u00e9 chef de cabinet au Minist\u00e8re de l\u2019Environnement. Cette nomination intervient quelques jours apr\u00e8s sa rencontre avec le pr\u00e9sident de la Transition, le G\u00e9n\u00e9ral Mamadi Doumbouya, au palais Mohammed [&hellip;]<\/p>\n","protected":false},"author":2,"featured_media":1745,"comment_status":"open","ping_status":"open","sticky":false,"template":"","format":"standard","meta":{"_jetpack_memberships_contains_paid_content":false,"footnotes":"","jetpack_publicize_message":"","jetpack_publicize_feature_enabled":true,"jetpack_social_post_already_shared":true,"jetpack_social_options":{"image_generator_settings":{"template":"highway","default_image_id":0,"font":"","enabled":false},"version":2}},"categories":[24,27],"tags":[417,100,92],"class_list":{"0":"post-1744","1":"post","2":"type-post","3":"status-publish","4":"format-standard","5":"has-post-thumbnail","7":"category-news","8":"category-politique","9":"tag-anad","10":"tag-decret-du-president","11":"tag-decrets"},"jetpack_publicize_connections":[],"jetpack_featured_media_url":"https:\/\/ledenonciateur224.com\/wp-content\/uploads\/2025\/03\/fb-img-1741298173750.jpg","jetpack_sharing_enabled":true,"_links":{"self":[{"href":"https:\/\/ledenonciateur224.com\/index.php\/wp-json\/wp\/v2\/posts\/1744","targetHints":{"allow":["GET"]}}],"collection":[{"href":"https:\/\/ledenonciateur224.com\/index.php\/wp-json\/wp\/v2\/posts"}],"about":[{"href":"https:\/\/ledenonciateur224.com\/index.php\/wp-json\/wp\/v2\/types\/post"}],"author":[{"embeddable":true,"href":"https:\/\/ledenonciateur224.com\/index.php\/wp-json\/wp\/v2\/users\/2"}],"replies":[{"embeddable":true,"href":"https:\/\/ledenonciateur224.com\/index.php\/wp-json\/wp\/v2\/comments?post=1744"}],"version-history":[{"count":0,"href":"https:\/\/ledenonciateur224.com\/index.php\/wp-json\/wp\/v2\/posts\/1744\/revisions"}],"wp:featuredmedia":[{"embeddable":true,"href":"https:\/\/ledenonciateur224.com\/index.php\/wp-json\/wp\/v2\/media\/1745"}],"wp:attachment":[{"href":"https:\/\/ledenonciateur224.com\/index.php\/wp-json\/wp\/v2\/media?parent=1744"}],"wp:term":[{"taxonomy":"category","embeddable":true,"href":"https:\/\/ledenonciateur224.com\/index.php\/wp-json\/wp\/v2\/categories?post=1744"},{"taxonomy":"post_tag","embeddable":true,"href":"https:\/\/ledenonciateur224.com\/index.php\/wp-json\/wp\/v2\/tags?post=1744"}],"curies":[{"name":"wp","href":"https:\/\/api.w.org\/{rel}","templated":true}]}}