{"id":1751,"date":"2025-03-07T07:37:15","date_gmt":"2025-03-07T07:37:15","guid":{"rendered":"https:\/\/ledenonciateur224.com\/?p=1751"},"modified":"2025-03-07T07:37:15","modified_gmt":"2025-03-07T07:37:15","slug":"nomination-des-chefs-de-cabinets-le-president-de-la-transition-annonce-de-nouvelles-affectations-ministerielles","status":"publish","type":"post","link":"https:\/\/ledenonciateur224.com\/index.php\/nomination-des-chefs-de-cabinets-le-president-de-la-transition-annonce-de-nouvelles-affectations-ministerielles\/","title":{"rendered":"Nomination des chefs de cabinets : le pr\u00e9sident de la transition annonce de nouvelles affectations minist\u00e9rielles"},"content":{"rendered":"<p>Dans un d\u00e9cret rendu public ce jeudi 6 mars 2024 en soir\u00e9e sur la t\u00e9l\u00e9vision nationale, le pr\u00e9sident de la transition, le G\u00e9n\u00e9ral Mamadi Doumbouya, a proc\u00e9d\u00e9 \u00e0 la nomination des chefs de cabinet pour plusieurs d\u00e9partements minist\u00e9riels.<\/p>\n<p>D\u00e9couvrez la liste des nouveaux responsables :<\/p>\n<p>&nbsp;<\/p>\n<p>&nbsp;<\/p>\n<p>1- Minist\u00e8re de la Justice et des Droits de l\u2019Homme : Me Billy 1 Keita, Avocat<\/p>\n<p>2- Minist\u00e8re de l\u2019Administration du Territoire et de la D\u00e9centralisation : M. Fran\u00e7ois Gono Cond\u00e9<\/p>\n<p>3- Minist\u00e8re de la S\u00e9curit\u00e9 et de la Protection Civile : K\u00e9mo Oular\u00e9, contr\u00f4leur g\u00e9n\u00e9ral de police<\/p>\n<p>4- Minist\u00e8re des Affaires \u00c9trang\u00e8res, de l\u2019Int\u00e9gration Africaine et des Guin\u00e9ens \u00e9tablis \u00e0 l\u2019Etranger : Mme Mariama Bailo Barry, pr\u00e9c\u00e9demment charg\u00e9e de programme Coop\u00e9ration \u00e0 l\u2019ambassade de Belgique, Conakry<\/p>\n<p>5- Minist\u00e8re de l\u2019Economie et des Finances : Mme Fatoumata Binta Barry, pr\u00e9c\u00e9demment Cheffe de cabinet au Minist\u00e8re des Transports<\/p>\n<p>6- Minist\u00e8re du Budget : Mme Nana Youssef Tounenk\u00e9n Diar\u00e9, pr\u00e9c\u00e9demment Cheffe de cabinet au Minist\u00e8re des Affaires \u00c9trang\u00e8res, de l\u2019Int\u00e9gration Africaine et des Guin\u00e9ens \u00e9tablis \u00e0 l\u2019Etrange<\/p>\n<p>7- Minist\u00e8re du Plan et de la Coop\u00e9ration Internationale : Mme Fatoumata Tour\u00e9, pr\u00e9c\u00e9demment directrice g\u00e9n\u00e9rale d\u2019invesco service<\/p>\n<p>9- Minist\u00e8re du Travail et de la Fonction Publique : Mme Ramatoulaye Camara<\/p>\n<p>10- Minist\u00e8re de l\u2019Environnement et du D\u00e9veloppement Durable : M. Dia Bald\u00e9, Dr en sciences agronomiques, pr\u00e9c\u00e9demment Directeur ex\u00e9cutif de la Banque Islamique de D\u00e9veloppement (BID) pour la Guin\u00e9e, la C\u00f4te d\u2019Ivoire, le Cameroun, le B\u00e9nin, la Sierra Leone et la Guin\u00e9e Bissao<\/p>\n<p>11- Minist\u00e8re de l\u2019Agriculture et de l\u2019Elevage : M. Sanfan Mahamar Ciss\u00e9, pr\u00e9c\u00e9demment chef de cabinet au Minist\u00e8re du Commerce, de l\u2019industrie et des PME<\/p>\n<p>12- Minist\u00e8re de l\u2019Energie, de l\u2019Hydraulique et des Hydrocarbures : Mme Nima Bah<\/p>\n<p>13- Minist\u00e8re des Mines et de la G\u00e9ologie : Mme Aminata Bangoura, pr\u00e9c\u00e9demment directrice nationale des droits de l\u2019homme au Minist\u00e8re de la Justice et des Droits de l\u2019Homme<\/p>\n<p>14- Minist\u00e8re des Infrastructures et des Travaux Publics : M. S\u00e2a Kossa Tour\u00e9, pr\u00e9c\u00e9demment conseill\u00e9 technique charg\u00e9 des infrastructures et des Travaux Publics au Minist\u00e8re des Infrastructures et des Travaux Publics<\/p>\n<p>15- Minist\u00e8re des Transports : Mme Fatoumata Bangoura, pr\u00e9c\u00e9demment Cheffe de cabinet au Minist\u00e8re de l\u2019Agriculture et de l\u2019Elevage<\/p>\n<p>16- Minist\u00e8re des Postes, des T\u00e9l\u00e9communications et de l\u2019Economie Num\u00e9rique : M. N\u2019Faly Sylla<\/p>\n<p>17- Minist\u00e8re de l\u2019Urbanisme, de l\u2019Habitat et de l\u2019Am\u00e9nagement du Territoire charg\u00e9 de la r\u00e9cup\u00e9ration des domaines spoli\u00e9s de l\u2019Etat : M. Mohamed Lamine Bangoura<\/p>\n<p>18- Minist\u00e8re de la P\u00eache et de l\u2019Economie Maritime : M. Bamba Oliano, pr\u00e9c\u00e9demment secr\u00e9taire g\u00e9n\u00e9ral au Minist\u00e8re des Postes, des T\u00e9l\u00e9communications et de l\u2019Economie Num\u00e9rique<\/p>\n<p>19- Minist\u00e8re du Commerce, de l\u2019Industrie et des Petites et Moyennes Entreprises : M. Abdoulaye Bella Diallo, pr\u00e9c\u00e9demment Directeur g\u00e9n\u00e9ral du bureau de strat\u00e9gie et de d\u00e9veloppement au Minist\u00e8re du Commerce, de l\u2019industrie et des PME<\/p>\n<p>&nbsp;<\/p>\n<p>20- Minist\u00e8re de l\u2019Enseignement Sup\u00e9rieur, de la Recherche Scientifique et de l\u2019innovation : Professeurs Fanta Tour\u00e9, pr\u00e9c\u00e9demment conseill\u00e8re charg\u00e9e des questions d\u2019enseignement sup\u00e9rieur au Minist\u00e8re de l\u2019Enseignement Sup\u00e9rieur, de la Recherche Scientifique et de l\u2019innovation<\/p>\n<p>21- Minist\u00e8re de l\u2019Enseignement Pr\u00e9-universitire et de l\u2019Alphab\u00e9tisation : M. Abass Camara, pr\u00e9c\u00e9demment chef de cabinet au Minist\u00e8re des Infrastructures et des Travaux Publics<\/p>\n<p>22- Minist\u00e8re de l\u2019Enseignement Technique, de la Formation Professionnelle et de l\u2019emploi : M. Alpha Saliou Kourouma<\/p>\n<p>23- Minist\u00e8re de la Sant\u00e9 et de l\u2019hygi\u00e8ne Publique : Dr P\u00e9p\u00e9 Bilivogui<\/p>\n<p>24- Minist\u00e8re de l\u2019Information et de la Communication : Mme Ad\u00e8le Camara<\/p>\n<p>24- Minist\u00e8re de la Jeunesse et des Sports : Mahawa Camara, pr\u00e9c\u00e9demment Cheffe de cabinet au Minist\u00e8re du Budget<\/p>\n<p>25- Minist\u00e8re de la Promotion F\u00e9minine, de l\u2019enfance et des Personnes Vuln\u00e9rables : Mme Fatoumata Binta Diallo pr\u00e9c\u00e9demment directrice de communication et relations ext\u00e9rieures \u00e0 l\u2019ANSUTEN<\/p>\n<p>26- Minist\u00e8re de la Culture, du Tourisme et de l\u2019Artisanat : M. Thierno Hamidou Bah, pr\u00e9c\u00e9demment chef de cabinet au Minist\u00e8re de l\u2019Enseigement Sup\u00e9rieur, de la Recherche Scientifique et de l\u2019innovation<\/p>\n<p>27- Secr\u00e9tariat G\u00e9n\u00e9ral du Gouvernement : M. Aly Traor\u00e9, pr\u00e9c\u00e9demment chef de cabinet au Minist\u00e8re de l\u2019Environnement et du D\u00e9veloppement Durable<\/p>\n<p>28- Secr\u00e9tariat G\u00e9n\u00e9ral aux Affaires Religieuses : Dr Jean \u00c9douard Sagno<\/p>\n<p>Ledenonciateur224.com<\/p>\n","protected":false},"excerpt":{"rendered":"<p>Dans un d\u00e9cret rendu public ce jeudi 6 mars 2024 en soir\u00e9e sur la t\u00e9l\u00e9vision nationale, le pr\u00e9sident de la transition, le G\u00e9n\u00e9ral Mamadi Doumbouya, a proc\u00e9d\u00e9 \u00e0 la nomination des chefs de cabinet pour plusieurs d\u00e9partements minist\u00e9riels. D\u00e9couvrez la liste des nouveaux responsables : &nbsp; &nbsp; 1- Minist\u00e8re de la Justice et des Droits [&hellip;]<\/p>\n","protected":false},"author":2,"featured_media":1194,"comment_status":"open","ping_status":"open","sticky":false,"template":"","format":"standard","meta":{"_jetpack_memberships_contains_paid_content":false,"footnotes":"","jetpack_publicize_message":"","jetpack_publicize_feature_enabled":true,"jetpack_social_post_already_shared":true,"jetpack_social_options":{"image_generator_settings":{"template":"highway","default_image_id":0,"font":"","enabled":false},"version":2}},"categories":[24,27],"tags":[100,49],"class_list":{"0":"post-1751","1":"post","2":"type-post","3":"status-publish","4":"format-standard","5":"has-post-thumbnail","7":"category-news","8":"category-politique","9":"tag-decret-du-president","10":"tag-general-mamadi-doumbouya"},"jetpack_publicize_connections":[],"jetpack_featured_media_url":"https:\/\/ledenonciateur224.com\/wp-content\/uploads\/2025\/01\/img-20250119-wa0081.jpg","jetpack_sharing_enabled":true,"_links":{"self":[{"href":"https:\/\/ledenonciateur224.com\/index.php\/wp-json\/wp\/v2\/posts\/1751","targetHints":{"allow":["GET"]}}],"collection":[{"href":"https:\/\/ledenonciateur224.com\/index.php\/wp-json\/wp\/v2\/posts"}],"about":[{"href":"https:\/\/ledenonciateur224.com\/index.php\/wp-json\/wp\/v2\/types\/post"}],"author":[{"embeddable":true,"href":"https:\/\/ledenonciateur224.com\/index.php\/wp-json\/wp\/v2\/users\/2"}],"replies":[{"embeddable":true,"href":"https:\/\/ledenonciateur224.com\/index.php\/wp-json\/wp\/v2\/comments?post=1751"}],"version-history":[{"count":0,"href":"https:\/\/ledenonciateur224.com\/index.php\/wp-json\/wp\/v2\/posts\/1751\/revisions"}],"wp:featuredmedia":[{"embeddable":true,"href":"https:\/\/ledenonciateur224.com\/index.php\/wp-json\/wp\/v2\/media\/1194"}],"wp:attachment":[{"href":"https:\/\/ledenonciateur224.com\/index.php\/wp-json\/wp\/v2\/media?parent=1751"}],"wp:term":[{"taxonomy":"category","embeddable":true,"href":"https:\/\/ledenonciateur224.com\/index.php\/wp-json\/wp\/v2\/categories?post=1751"},{"taxonomy":"post_tag","embeddable":true,"href":"https:\/\/ledenonciateur224.com\/index.php\/wp-json\/wp\/v2\/tags?post=1751"}],"curies":[{"name":"wp","href":"https:\/\/api.w.org\/{rel}","templated":true}]}}