{"id":1777,"date":"2025-03-08T15:55:03","date_gmt":"2025-03-08T15:55:03","guid":{"rendered":"https:\/\/ledenonciateur224.com\/?p=1777"},"modified":"2025-03-08T15:55:03","modified_gmt":"2025-03-08T15:55:03","slug":"journee-internationale-des-femmes-des-actions-ambitieuses-du-gouvernement-guineen-pour-promouvoir-legalite-des-genres","status":"publish","type":"post","link":"https:\/\/ledenonciateur224.com\/index.php\/journee-internationale-des-femmes-des-actions-ambitieuses-du-gouvernement-guineen-pour-promouvoir-legalite-des-genres\/","title":{"rendered":"Journ\u00e9e Internationale des Femmes : Des actions ambitieuses du gouvernement guin\u00e9en pour promouvoir l\u2019\u00e9galit\u00e9 des genres"},"content":{"rendered":"<p>\u00c0 l\u2019occasion de la Journ\u00e9e internationale des droits des femmes, ce samedi 8 mars 2025, la ministre de la Promotion f\u00e9minine, de l\u2019Enfance et des Personnes vuln\u00e9rables, Charlotte Daff\u00e9, a prononc\u00e9 un discours vibrant et engag\u00e9 au Palais du Peuple, en pr\u00e9sence du Premier ministre Amadou Oury Bah et de nombreuses personnalit\u00e9s. Dans son allocution, elle a mis l\u2019accent sur l\u2019importance d\u2019une justice sociale \u00e9quitable, soulignant que la promotion des droits des femmes et des groupes vuln\u00e9rables est essentielle pour le d\u00e9veloppement durable de la Guin\u00e9e.<\/p>\n<p>L\u2019un des points marquants de son discours a \u00e9t\u00e9 l\u2019approche innovante adopt\u00e9e cette ann\u00e9e pour c\u00e9l\u00e9brer le 8 mars. Plut\u00f4t que de se contenter d\u2019une journ\u00e9e symbolique, le gouvernement a mis en place un programme d\u2019actions \u00e9tal\u00e9 sur tout le mois de mars, visant \u00e0 r\u00e9pondre aux pr\u00e9occupations du programme de Beijing, et notamment celles relatives \u00e0 la lutte pour les droits des femmes.<\/p>\n<p>Charlotte Daff\u00e9 a salu\u00e9 les efforts du Chef de l&rsquo;\u00c9tat, qui a renforc\u00e9 la repr\u00e9sentativit\u00e9 f\u00e9minine au sein de l\u2019administration en nommant 48 % de femmes \u00e0 des postes de Cheffes de Cabinet minist\u00e9riels. Cette initiative illustre la volont\u00e9 politique de promouvoir l\u2019\u00e9galit\u00e9 des genres \u00e0 tous les niveaux du gouvernement.<\/p>\n<p>Elle a \u00e9galement rendu hommage aux femmes de l\u2019arri\u00e8re-pays, souvent invisibles, mais essentielles pour la survie de nombreuses familles. Que ce soient les concasseuses de gravier, les p\u00eacheuses en embarcations de fortune, ou les chercheuses d\u2019or dans les mines artisanales, ces femmes font preuve d\u2019une r\u00e9silience extraordinaire, m\u00e9ritant plus de reconnaissance et de soutien.<\/p>\n<p>Le discours de la ministre a mis en lumi\u00e8re plusieurs r\u00e9alisations concr\u00e8tes. Notamment, en 2022, une subvention non remboursable de 16 milliards de francs guin\u00e9ens a permis \u00e0 300 groupements f\u00e9minins de g\u00e9n\u00e9rer des revenus significatifs, en particulier en Guin\u00e9e foresti\u00e8re, o\u00f9 les r\u00e9sultats ont largement d\u00e9pass\u00e9 les attentes.<\/p>\n<p>Forte de ces succ\u00e8s, la ministre a annonc\u00e9 le lancement prochain du programme\u00a0<strong>\u00ab 5 000 2F \u00bb<\/strong>, une initiative visant \u00e0 soutenir 5 000 femmes et jeunes filles dans divers secteurs \u00e9conomiques et administratifs. Le programme inclura des soutiens sp\u00e9cifiques pour les femmes vuln\u00e9rables, les jeunes fonctionnaires et les entrepreneures en d\u00e9but de parcours.<\/p>\n<p>Enfin, Charlotte Daff\u00e9 a plaid\u00e9 pour un durcissement des sanctions \u00e0 l&rsquo;encontre des auteurs de violences bas\u00e9es sur le genre, en soulignant la n\u00e9cessit\u00e9 d\u2019un suivi judiciaire plus rigoureux. Elle a conclu son intervention en appelant \u00e0 une action collective et un engagement continu pour l\u2019\u00e9galit\u00e9 des genres. \u00ab Soutenir la cause des femmes est une preuve de respect de notre devise nationale \u00bb, a-t-elle affirm\u00e9 avec conviction.<\/p>\n<p>En somme, la ministre a soulign\u00e9 que la Guin\u00e9e est en pleine transformation et que le moment est venu de r\u00e9\u00e9quilibrer la donne pour garantir aux femmes la place qui leur revient dans la soci\u00e9t\u00e9. Une d\u00e9claration forte, marquant une volont\u00e9 politique r\u00e9elle pour un avenir plus \u00e9galitaire et plus juste.<\/p>\n<p>Ledenonciateur224.com<\/p>\n","protected":false},"excerpt":{"rendered":"<p>\u00c0 l\u2019occasion de la Journ\u00e9e internationale des droits des femmes, ce samedi 8 mars 2025, la ministre de la Promotion f\u00e9minine, de l\u2019Enfance et des Personnes vuln\u00e9rables, Charlotte Daff\u00e9, a prononc\u00e9 un discours vibrant et engag\u00e9 au Palais du Peuple, en pr\u00e9sence du Premier ministre Amadou Oury Bah et de nombreuses personnalit\u00e9s. Dans son allocution, [&hellip;]<\/p>\n","protected":false},"author":2,"featured_media":1778,"comment_status":"open","ping_status":"open","sticky":false,"template":"","format":"standard","meta":{"_jetpack_memberships_contains_paid_content":false,"footnotes":"","jetpack_publicize_message":"","jetpack_publicize_feature_enabled":true,"jetpack_social_post_already_shared":true,"jetpack_social_options":{"image_generator_settings":{"template":"highway","default_image_id":0,"font":"","enabled":false},"version":2}},"categories":[30,24],"tags":[452,36,35],"class_list":{"0":"post-1777","1":"post","2":"type-post","3":"status-publish","4":"format-standard","5":"has-post-thumbnail","7":"category-faits-divers","8":"category-news","9":"tag-journee-internationale-des-femmes","10":"tag-conakry","11":"tag-guinee"},"jetpack_publicize_connections":[],"jetpack_featured_media_url":"https:\/\/ledenonciateur224.com\/wp-content\/uploads\/2025\/03\/discours-ministre-discours-bienvenue-celebration-journee-femmes-08-mars-2025.jpg","jetpack_sharing_enabled":true,"_links":{"self":[{"href":"https:\/\/ledenonciateur224.com\/index.php\/wp-json\/wp\/v2\/posts\/1777","targetHints":{"allow":["GET"]}}],"collection":[{"href":"https:\/\/ledenonciateur224.com\/index.php\/wp-json\/wp\/v2\/posts"}],"about":[{"href":"https:\/\/ledenonciateur224.com\/index.php\/wp-json\/wp\/v2\/types\/post"}],"author":[{"embeddable":true,"href":"https:\/\/ledenonciateur224.com\/index.php\/wp-json\/wp\/v2\/users\/2"}],"replies":[{"embeddable":true,"href":"https:\/\/ledenonciateur224.com\/index.php\/wp-json\/wp\/v2\/comments?post=1777"}],"version-history":[{"count":0,"href":"https:\/\/ledenonciateur224.com\/index.php\/wp-json\/wp\/v2\/posts\/1777\/revisions"}],"wp:featuredmedia":[{"embeddable":true,"href":"https:\/\/ledenonciateur224.com\/index.php\/wp-json\/wp\/v2\/media\/1778"}],"wp:attachment":[{"href":"https:\/\/ledenonciateur224.com\/index.php\/wp-json\/wp\/v2\/media?parent=1777"}],"wp:term":[{"taxonomy":"category","embeddable":true,"href":"https:\/\/ledenonciateur224.com\/index.php\/wp-json\/wp\/v2\/categories?post=1777"},{"taxonomy":"post_tag","embeddable":true,"href":"https:\/\/ledenonciateur224.com\/index.php\/wp-json\/wp\/v2\/tags?post=1777"}],"curies":[{"name":"wp","href":"https:\/\/api.w.org\/{rel}","templated":true}]}}