{"id":1783,"date":"2025-03-09T08:42:09","date_gmt":"2025-03-09T08:42:09","guid":{"rendered":"https:\/\/ledenonciateur224.com\/?p=1783"},"modified":"2025-03-09T08:42:09","modified_gmt":"2025-03-09T08:42:09","slug":"journee-des-droits-des-femmes-nsira-bangoura-appelle-a-la-reconnaissance-et-a-la-securite-des-femmes-en-guinee","status":"publish","type":"post","link":"https:\/\/ledenonciateur224.com\/index.php\/journee-des-droits-des-femmes-nsira-bangoura-appelle-a-la-reconnaissance-et-a-la-securite-des-femmes-en-guinee\/","title":{"rendered":"Journ\u00e9e des droits des femmes : N\u2019Sira Bangoura appelle \u00e0 la reconnaissance et \u00e0 la s\u00e9curit\u00e9 des femmes en Guin\u00e9e"},"content":{"rendered":"<p><strong>Lors de l\u2019assembl\u00e9e g\u00e9n\u00e9rale hebdomadaire de l\u2019UFR, qui s&rsquo;est tenue ce samedi 8 mars 2025, N\u2019Sira Bangoura, cadre influent du parti, a saisi l\u2019occasion de la Journ\u00e9e internationale des droits des femmes pour d\u00e9noncer avec force les discriminations persistantes et l\u2019ins\u00e9curit\u00e9 auxquelles les femmes sont confront\u00e9es en Guin\u00e9e.<\/strong><\/p>\n<p><em><strong>\u00ab Nous devons profiter de cette journ\u00e9e pour demander au gouvernement, aux autorit\u00e9s de notre pays de penser \u00e0 valoriser la femme guin\u00e9enne, \u00e0 nous donner une place \u00bb<\/strong><\/em>, a-t-elle affirm\u00e9, appelant avec conviction \u00e0 une reconnaissance accrue du r\u00f4le fondamental que jouent les femmes dans la soci\u00e9t\u00e9 guin\u00e9enne.<\/p>\n<p><img loading=\"lazy\" decoding=\"async\" class=\"alignnone size-full wp-image-1785\" src=\"https:\/\/ledenonciateur224.com\/wp-content\/uploads\/2025\/03\/nsira-bangoura-ufr20250222-212342.jpg\" alt=\"\" width=\"538\" height=\"261\" srcset=\"https:\/\/ledenonciateur224.com\/wp-content\/uploads\/2025\/03\/nsira-bangoura-ufr20250222-212342.jpg 538w, https:\/\/ledenonciateur224.com\/wp-content\/uploads\/2025\/03\/nsira-bangoura-ufr20250222-212342-300x146.jpg 300w, https:\/\/ledenonciateur224.com\/wp-content\/uploads\/2025\/03\/nsira-bangoura-ufr20250222-212342-150x73.jpg 150w\" sizes=\"auto, (max-width: 538px) 100vw, 538px\" \/><\/p>\n<p>Dans son discours, N\u2019Sira Bangoura a vivement critiqu\u00e9 les r\u00e9centes nominations de femmes \u00e0 des postes de responsabilit\u00e9, soulignant que ces d\u00e9cisions semblaient plus motiv\u00e9es par des consid\u00e9rations politiques que par un v\u00e9ritable souci d&rsquo;\u00e9galit\u00e9.<\/p>\n<p><em><strong>\u00ab Il y a eu beaucoup de femmes qui ont \u00e9t\u00e9 nomm\u00e9es Cheffes de cabinet. Mais, ce n\u2019est pas toutes les femmes qui ont \u00e9t\u00e9 nomm\u00e9es. Ce sont les femmes qui sont de l\u2019autre c\u00f4t\u00e9. C\u2019est comme si on veut dire que les autres femmes ne sont pas des guin\u00e9ennes. C\u2019est ce que nous d\u00e9plorons vraiment \u00bb<\/strong><\/em>, a-t-elle d\u00e9plor\u00e9, d\u00e9non\u00e7ant une approche s\u00e9lective et discriminatoire dans les nominations qui ne tient pas compte de l\u2019ensemble des femmes guin\u00e9ennes.<\/p>\n<p>Elle a \u00e9galement lanc\u00e9 un appel vibrant \u00e0 ses cons\u0153urs de l\u2019UFR pour qu&rsquo;elles se mobilisent activement en faveur de leurs droits, les exhortant \u00e0 ne pas se contenter de c\u00e9l\u00e9brations symboliques mais \u00e0 revendiquer des actions concr\u00e8tes.<\/p>\n<p><em><strong>\u00ab Nous devons r\u00e9clamer nos droits. Nos droits \u00e0 l\u2019ind\u00e9pendance, parce que nous ne sommes pas ind\u00e9pendantes. Aucune femme ne se sent aujourd\u2019hui en s\u00e9curit\u00e9. Elles ne se sentent pas en s\u00e9curit\u00e9, leurs enfants ne sont pas en s\u00e9curit\u00e9. Nous r\u00e9clamons le droit \u00e0 la s\u00e9curit\u00e9\u2026 \u00bb.<\/strong><\/em><\/p>\n<p>N\u2019Sira Bangoura a \u00e9galement d\u00e9nonc\u00e9 avec ferveur l\u2019ins\u00e9curit\u00e9 qui s\u00e9vit dans le pays, un climat de violence qui touche particuli\u00e8rement les femmes, et a insist\u00e9 sur les profondes in\u00e9galit\u00e9s \u00e9conomiques et sociales qui continuent d\u2019aggraver leur situation au quotidien.<\/p>\n<p>&nbsp;<\/p>\n<p>Avec ces propos, N\u2019Sira Bangoura a une nouvelle fois mis en lumi\u00e8re les d\u00e9fis auxquels les femmes guin\u00e9ennes doivent faire face, tout en soulignant l&rsquo;urgence d&rsquo;un changement profond pour garantir leur \u00e9panouissement et leur s\u00e9curit\u00e9.<\/p>\n<p>&nbsp;<\/p>\n<p>Aboubacar Moussa Camara<\/p>\n<p>622 42 41 87<\/p>\n","protected":false},"excerpt":{"rendered":"<p>Lors de l\u2019assembl\u00e9e g\u00e9n\u00e9rale hebdomadaire de l\u2019UFR, qui s&rsquo;est tenue ce samedi 8 mars 2025, N\u2019Sira Bangoura, cadre influent du parti, a saisi l\u2019occasion de la Journ\u00e9e internationale des droits des femmes pour d\u00e9noncer avec force les discriminations persistantes et l\u2019ins\u00e9curit\u00e9 auxquelles les femmes sont confront\u00e9es en Guin\u00e9e. \u00ab Nous devons profiter de cette journ\u00e9e [&hellip;]<\/p>\n","protected":false},"author":2,"featured_media":1784,"comment_status":"open","ping_status":"open","sticky":false,"template":"","format":"standard","meta":{"_jetpack_memberships_contains_paid_content":false,"footnotes":"","jetpack_publicize_message":"","jetpack_publicize_feature_enabled":true,"jetpack_social_post_already_shared":true,"jetpack_social_options":{"image_generator_settings":{"template":"highway","default_image_id":0,"font":"","enabled":false},"version":2}},"categories":[24,27],"tags":[454,36,35,98],"class_list":{"0":"post-1783","1":"post","2":"type-post","3":"status-publish","4":"format-standard","5":"has-post-thumbnail","7":"category-news","8":"category-politique","9":"tag-nsira-bangoura","10":"tag-conakry","11":"tag-guinee","12":"tag-ufr"},"jetpack_publicize_connections":[],"jetpack_featured_media_url":"https:\/\/ledenonciateur224.com\/wp-content\/uploads\/2025\/03\/nsira-bangoura.jpg","jetpack_sharing_enabled":true,"_links":{"self":[{"href":"https:\/\/ledenonciateur224.com\/index.php\/wp-json\/wp\/v2\/posts\/1783","targetHints":{"allow":["GET"]}}],"collection":[{"href":"https:\/\/ledenonciateur224.com\/index.php\/wp-json\/wp\/v2\/posts"}],"about":[{"href":"https:\/\/ledenonciateur224.com\/index.php\/wp-json\/wp\/v2\/types\/post"}],"author":[{"embeddable":true,"href":"https:\/\/ledenonciateur224.com\/index.php\/wp-json\/wp\/v2\/users\/2"}],"replies":[{"embeddable":true,"href":"https:\/\/ledenonciateur224.com\/index.php\/wp-json\/wp\/v2\/comments?post=1783"}],"version-history":[{"count":0,"href":"https:\/\/ledenonciateur224.com\/index.php\/wp-json\/wp\/v2\/posts\/1783\/revisions"}],"wp:featuredmedia":[{"embeddable":true,"href":"https:\/\/ledenonciateur224.com\/index.php\/wp-json\/wp\/v2\/media\/1784"}],"wp:attachment":[{"href":"https:\/\/ledenonciateur224.com\/index.php\/wp-json\/wp\/v2\/media?parent=1783"}],"wp:term":[{"taxonomy":"category","embeddable":true,"href":"https:\/\/ledenonciateur224.com\/index.php\/wp-json\/wp\/v2\/categories?post=1783"},{"taxonomy":"post_tag","embeddable":true,"href":"https:\/\/ledenonciateur224.com\/index.php\/wp-json\/wp\/v2\/tags?post=1783"}],"curies":[{"name":"wp","href":"https:\/\/api.w.org\/{rel}","templated":true}]}}