{"id":1793,"date":"2025-03-10T12:22:52","date_gmt":"2025-03-10T12:22:52","guid":{"rendered":"https:\/\/ledenonciateur224.com\/?p=1793"},"modified":"2025-03-10T12:22:52","modified_gmt":"2025-03-10T12:22:52","slug":"sanctions-au-sein-de-lufdg-cellou-balde-et-maladho-diallo-limoges-apres-une-rencontre-non-autorisee-avec-mamadi-doumbouya","status":"publish","type":"post","link":"https:\/\/ledenonciateur224.com\/index.php\/sanctions-au-sein-de-lufdg-cellou-balde-et-maladho-diallo-limoges-apres-une-rencontre-non-autorisee-avec-mamadi-doumbouya\/","title":{"rendered":"Sanctions au sein de l\u2019UFDG : Cellou Bald\u00e9 et Maladho Diallo limog\u00e9s apr\u00e8s une rencontre non autoris\u00e9e avec Mamadi Doumbouya"},"content":{"rendered":"<p>Le bureau politique de l&rsquo;UFDG a pris une d\u00e9cision importante en limogeant deux de ses cadres, Cellou Bald\u00e9, responsable des f\u00e9d\u00e9rations, et Maladho Diallo, tr\u00e9sori\u00e8re du parti. Cette sanction fait suite \u00e0 leur rencontre non autoris\u00e9e avec le G\u00e9n\u00e9ral Mamadi Doumbouya \u00e0 la pr\u00e9sidence de la R\u00e9publique, une action effectu\u00e9e sans mandat pr\u00e9alable.<\/p>\n<p>En r\u00e9ponse \u00e0 cette d\u00e9cision, Kalemodou Yansan\u00e9 a \u00e9t\u00e9 nomm\u00e9 nouveau tr\u00e9sorier, tandis qu&rsquo;Abdoulaye Bah a \u00e9t\u00e9 d\u00e9sign\u00e9 coordinateur des f\u00e9d\u00e9rations de l&rsquo;int\u00e9rieur du pays.<\/p>\n<p>Ledenonciateur224.com<\/p>\n","protected":false},"excerpt":{"rendered":"<p>Le bureau politique de l&rsquo;UFDG a pris une d\u00e9cision importante en limogeant deux de ses cadres, Cellou Bald\u00e9, responsable des f\u00e9d\u00e9rations, et Maladho Diallo, tr\u00e9sori\u00e8re du parti. Cette sanction fait suite \u00e0 leur rencontre non autoris\u00e9e avec le G\u00e9n\u00e9ral Mamadi Doumbouya \u00e0 la pr\u00e9sidence de la R\u00e9publique, une action effectu\u00e9e sans mandat pr\u00e9alable. En r\u00e9ponse [&hellip;]<\/p>\n","protected":false},"author":2,"featured_media":818,"comment_status":"open","ping_status":"open","sticky":false,"template":"","format":"standard","meta":{"_jetpack_memberships_contains_paid_content":false,"footnotes":"","jetpack_publicize_message":"","jetpack_publicize_feature_enabled":true,"jetpack_social_post_already_shared":true,"jetpack_social_options":{"image_generator_settings":{"template":"highway","default_image_id":0,"font":"","enabled":false},"version":2}},"categories":[24,27],"tags":[64,49,35,65],"class_list":{"0":"post-1793","1":"post","2":"type-post","3":"status-publish","4":"format-standard","5":"has-post-thumbnail","7":"category-news","8":"category-politique","9":"tag-cellou-dalein-diallo","10":"tag-general-mamadi-doumbouya","11":"tag-guinee","12":"tag-ufdg"},"jetpack_publicize_connections":[],"jetpack_featured_media_url":"https:\/\/ledenonciateur224.com\/wp-content\/uploads\/2025\/01\/img-20241228-wa0094.jpg","jetpack_sharing_enabled":true,"_links":{"self":[{"href":"https:\/\/ledenonciateur224.com\/index.php\/wp-json\/wp\/v2\/posts\/1793","targetHints":{"allow":["GET"]}}],"collection":[{"href":"https:\/\/ledenonciateur224.com\/index.php\/wp-json\/wp\/v2\/posts"}],"about":[{"href":"https:\/\/ledenonciateur224.com\/index.php\/wp-json\/wp\/v2\/types\/post"}],"author":[{"embeddable":true,"href":"https:\/\/ledenonciateur224.com\/index.php\/wp-json\/wp\/v2\/users\/2"}],"replies":[{"embeddable":true,"href":"https:\/\/ledenonciateur224.com\/index.php\/wp-json\/wp\/v2\/comments?post=1793"}],"version-history":[{"count":0,"href":"https:\/\/ledenonciateur224.com\/index.php\/wp-json\/wp\/v2\/posts\/1793\/revisions"}],"wp:featuredmedia":[{"embeddable":true,"href":"https:\/\/ledenonciateur224.com\/index.php\/wp-json\/wp\/v2\/media\/818"}],"wp:attachment":[{"href":"https:\/\/ledenonciateur224.com\/index.php\/wp-json\/wp\/v2\/media?parent=1793"}],"wp:term":[{"taxonomy":"category","embeddable":true,"href":"https:\/\/ledenonciateur224.com\/index.php\/wp-json\/wp\/v2\/categories?post=1793"},{"taxonomy":"post_tag","embeddable":true,"href":"https:\/\/ledenonciateur224.com\/index.php\/wp-json\/wp\/v2\/tags?post=1793"}],"curies":[{"name":"wp","href":"https:\/\/api.w.org\/{rel}","templated":true}]}}