{"id":1816,"date":"2025-03-12T14:36:41","date_gmt":"2025-03-12T14:36:41","guid":{"rendered":"https:\/\/ledenonciateur224.com\/?p=1816"},"modified":"2025-03-12T14:36:41","modified_gmt":"2025-03-12T14:36:41","slug":"patrice-motsepe-reelu-a-la-tete-de-la-caf-avec-samuel-etoo-integre-au-comite-executif","status":"publish","type":"post","link":"https:\/\/ledenonciateur224.com\/index.php\/patrice-motsepe-reelu-a-la-tete-de-la-caf-avec-samuel-etoo-integre-au-comite-executif\/","title":{"rendered":"Patrice Motsepe r\u00e9\u00e9lu \u00e0 la t\u00eate de la CAF, avec Samuel Eto&rsquo;o int\u00e9gr\u00e9 au comit\u00e9 ex\u00e9cutif"},"content":{"rendered":"<div dir=\"auto\">\n<p>Ce mercredi 12 mars 2025, le congr\u00e8s \u00e9lectif de la CAF s&rsquo;est conclu en \u00c9gypte, marquant la r\u00e9\u00e9lection discr\u00e8te de Patrice Motsepe pour un second mandat \u00e0 la t\u00eate de la Conf\u00e9d\u00e9ration Africaine de Football. Le Sud-Africain, candidat \u00e0 sa propre succession, a \u00e9t\u00e9 r\u00e9\u00e9lu par les six Unions Zonales pour les quatre prochaines ann\u00e9es, poursuivant ainsi son parcours amorc\u00e9 en 2021. Cet \u00e9v\u00e9nement, qui se tenait lors de l\u2019assembl\u00e9e extraordinaire de la CAF, a \u00e9galement permis l\u2019\u00e9lection des membres du comit\u00e9 ex\u00e9cutif et des six repr\u00e9sentants africains au conseil de la FIFA, dirig\u00e9 par Gianni Infantino.<\/p>\n<p>Fort du soutien de ce dernier, Patrice Motsepe conservera la pr\u00e9sidence de la CAF jusqu\u2019en 2029, gr\u00e2ce \u00e0 l&rsquo;approbation de son coll\u00e8gue de la FIFA. \u00c0 63 ans, le pr\u00e9sident sud-africain a vu l&rsquo;int\u00e9gration de nouvelles figures importantes dans l&rsquo;instance dirigeante. Parmi eux, Samuel Eto&rsquo;o, pr\u00e9sident de la F\u00e9d\u00e9ration Camerounaise de Football (F\u00c9CAFOOT), a \u00e9t\u00e9 \u00e9lu membre du comit\u00e9 ex\u00e9cutif de la CAF par acclamation. Apr\u00e8s avoir retrouv\u00e9 ses droits aupr\u00e8s du TAS suite \u00e0 un rejet initial de sa candidature par la CAF, Eto\u2019o rejoint donc le comit\u00e9 ex\u00e9cutif en tant que repr\u00e9sentant de l&rsquo;UNIFFAC.<\/p>\n<p>Le congr\u00e8s a \u00e9galement vu l&rsquo;\u00e9lection d&rsquo;Augustin Senghor, actuel pr\u00e9sident de la F\u00e9d\u00e9ration S\u00e9n\u00e9galaise de Football, comme membre du comit\u00e9 ex\u00e9cutif, tandis que le pr\u00e9sident de la F\u00e9d\u00e9ration Mauritanienne, Ahmed Yahya, a \u00e9t\u00e9 \u00e9lu repr\u00e9sentant africain au conseil de la FIFA.<\/p>\n<p>&nbsp;<\/p>\n<p>Le second mandat de Patrice Motsepe \u00e0 la t\u00eate de la CAF marque une nouvelle \u00e9tape dans le d\u00e9veloppement du football africain, avec l&rsquo;int\u00e9gration de nouvelles personnalit\u00e9s influentes comme Eto&rsquo;o, qui apporteront certainement une nouvelle dynamique \u00e0 l&rsquo;instance dirigeante du football continental.<\/p>\n<\/div>\n<div dir=\"auto\">Aboubacar Moussa Camara<\/div>\n<div dir=\"auto\"><\/div>\n<div dir=\"auto\">\u00a0622 42 41 87<\/div>\n","protected":false},"excerpt":{"rendered":"<p>Ce mercredi 12 mars 2025, le congr\u00e8s \u00e9lectif de la CAF s&rsquo;est conclu en \u00c9gypte, marquant la r\u00e9\u00e9lection discr\u00e8te de Patrice Motsepe pour un second mandat \u00e0 la t\u00eate de la Conf\u00e9d\u00e9ration Africaine de Football. Le Sud-Africain, candidat \u00e0 sa propre succession, a \u00e9t\u00e9 r\u00e9\u00e9lu par les six Unions Zonales pour les quatre prochaines ann\u00e9es, [&hellip;]<\/p>\n","protected":false},"author":2,"featured_media":1817,"comment_status":"open","ping_status":"open","sticky":false,"template":"","format":"standard","meta":{"_jetpack_memberships_contains_paid_content":false,"footnotes":"","jetpack_publicize_message":"","jetpack_publicize_feature_enabled":true,"jetpack_social_post_already_shared":true,"jetpack_social_options":{"image_generator_settings":{"template":"highway","default_image_id":0,"font":"","enabled":false},"version":2}},"categories":[24,34],"tags":[465,464,116],"class_list":{"0":"post-1816","1":"post","2":"type-post","3":"status-publish","4":"format-standard","5":"has-post-thumbnail","7":"category-news","8":"category-sport","9":"tag-congres","10":"tag-football","11":"tag-caf"},"jetpack_publicize_connections":[],"jetpack_featured_media_url":"https:\/\/ledenonciateur224.com\/wp-content\/uploads\/2025\/03\/20250312-142904-scaled.jpg","jetpack_sharing_enabled":true,"_links":{"self":[{"href":"https:\/\/ledenonciateur224.com\/index.php\/wp-json\/wp\/v2\/posts\/1816","targetHints":{"allow":["GET"]}}],"collection":[{"href":"https:\/\/ledenonciateur224.com\/index.php\/wp-json\/wp\/v2\/posts"}],"about":[{"href":"https:\/\/ledenonciateur224.com\/index.php\/wp-json\/wp\/v2\/types\/post"}],"author":[{"embeddable":true,"href":"https:\/\/ledenonciateur224.com\/index.php\/wp-json\/wp\/v2\/users\/2"}],"replies":[{"embeddable":true,"href":"https:\/\/ledenonciateur224.com\/index.php\/wp-json\/wp\/v2\/comments?post=1816"}],"version-history":[{"count":0,"href":"https:\/\/ledenonciateur224.com\/index.php\/wp-json\/wp\/v2\/posts\/1816\/revisions"}],"wp:featuredmedia":[{"embeddable":true,"href":"https:\/\/ledenonciateur224.com\/index.php\/wp-json\/wp\/v2\/media\/1817"}],"wp:attachment":[{"href":"https:\/\/ledenonciateur224.com\/index.php\/wp-json\/wp\/v2\/media?parent=1816"}],"wp:term":[{"taxonomy":"category","embeddable":true,"href":"https:\/\/ledenonciateur224.com\/index.php\/wp-json\/wp\/v2\/categories?post=1816"},{"taxonomy":"post_tag","embeddable":true,"href":"https:\/\/ledenonciateur224.com\/index.php\/wp-json\/wp\/v2\/tags?post=1816"}],"curies":[{"name":"wp","href":"https:\/\/api.w.org\/{rel}","templated":true}]}}