{"id":1836,"date":"2025-03-13T08:28:15","date_gmt":"2025-03-13T08:28:15","guid":{"rendered":"https:\/\/ledenonciateur224.com\/?p=1836"},"modified":"2025-03-13T08:28:15","modified_gmt":"2025-03-13T08:28:15","slug":"incendie-devastateur-au-marche-madina-un-brasier-maitrise-apres-plusieurs-heures-dintervention","status":"publish","type":"post","link":"https:\/\/ledenonciateur224.com\/index.php\/incendie-devastateur-au-marche-madina-un-brasier-maitrise-apres-plusieurs-heures-dintervention\/","title":{"rendered":"Incendie d\u00e9vastateur au march\u00e9 Madina : un brasier ma\u00eetris\u00e9 apr\u00e8s plusieurs heures d&rsquo;intervention"},"content":{"rendered":"<p>Dans la nuit du mercredi 12 au jeudi 13 mars 2025, un incendie d&rsquo;une ampleur exceptionnelle a \u00e9clat\u00e9 aux environs de minuit au march\u00e9 Madina, c\u00f4t\u00e9 Niger, en face de Avaria. Partant du niveau sup\u00e9rieur d&rsquo;un b\u00e2timent \u00e0 deux \u00e9tages, les flammes se sont rapidement propag\u00e9es \u00e0 un second immeuble, mettant \u00e0 l&rsquo;\u00e9preuve la capacit\u00e9 d\u2019intervention des Sapeurs-pompiers. Face \u00e0 la difficult\u00e9 d&rsquo;acc\u00e8s \u00e0 la hauteur, plusieurs v\u00e9hicules ont \u00e9t\u00e9 mobilis\u00e9s pour lutter contre le feu. Apr\u00e8s plusieurs heures d&rsquo;intenses efforts, les op\u00e9rations de ma\u00eetrise du brasier ont \u00e9t\u00e9 supervis\u00e9es par le ministre de l&rsquo;Habitat, mais les d\u00e9g\u00e2ts mat\u00e9riels restent importants et les cons\u00e9quences pour la communaut\u00e9 locale se font d\u00e9j\u00e0 ressentir.<\/p>\n<div dir=\"auto\">\n<p>\u00ab \ud835\udc06\ud835\udc2b\u00e2\ud835\udc1c\ud835\udc1e \u00e0 \ud835\udc25\ud835\udc1a \ud835\udc1c\ud835\udc28\ud835\udc27\ud835\udc23\ud835\udc2e\ud835\udc20\ud835\udc1a\ud835\udc22\ud835\udc2c\ud835\udc28\ud835\udc27\u00a0\ud835\udc1d\ud835\udc1e \ud835\udc27\ud835\udc28\ud835\udc2c \ud835\udc1e\ud835\udc1f\ud835\udc1f\ud835\udc28\ud835\udc2b\ud835\udc2d\ud835\udc2c, \ud835\udc25\u2019\ud835\udc22\ud835\udc27\ud835\udc1c\ud835\udc1e\ud835\udc27\ud835\udc1d\ud835\udc22\ud835\udc1e au march\u00e9 Madina \ud835\udc1a \u00e9\ud835\udc2d\u00e9 \ud835\udc2d\ud835\udc28\ud835\udc2d\ud835\udc1a\ud835\udc25\ud835\udc1e\ud835\udc26\ud835\udc1e\ud835\udc27\ud835\udc2d \ud835\udc26\ud835\udc1a\u00ee\ud835\udc2d\ud835\udc2b\ud835\udc22\ud835\udc2c\u00e9. \ud835\udc14\ud835\udc27 \ud835\udc22\ud835\udc26\ud835\udc26\ud835\udc1e\ud835\udc27\ud835\udc2c\ud835\udc1e \ud835\udc1b\ud835\udc2b\ud835\udc1a\ud835\udc2f\ud835\udc28 \ud835\udc1a\ud835\udc2e\ud835\udc31 \u00e9\ud835\udc2a\ud835\udc2e\ud835\udc22\ud835\udc29\ud835\udc1e\ud835\udc2c \ud835\udc1d\ud835\udc1e \ud835\udc29\ud835\udc28\ud835\udc26\ud835\udc29\ud835\udc22\ud835\udc1e\ud835\udc2b\ud835\udc2c (\ud835\udc29\ud835\udc2b\ud835\udc28\ud835\udc2d\ud835\udc1e\ud835\udc1c\ud835\udc2d\ud835\udc22\ud835\udc28\ud835\udc27 \ud835\udc1c\ud835\udc22\ud835\udc2f\ud835\udc22\ud835\udc25\ud835\udc1e, \ud835\udc02\ud835\udc08\ud835\udc00\ud835\udc0e, \ud835\udc13\ud835\udc0e\ud835\udc0f\ud835\udc00\ud835\udc19 \ud835\udc1e\ud835\udc2d \ud835\udc12\ud835\udc0e\ud835\udc06\ud835\udc04\ud835\udc00\ud835\udc06) \ud835\udc29\ud835\udc28\ud835\udc2e\ud835\udc2b \ud835\udc25\ud835\udc1e\ud835\udc2e\ud835\udc2b \ud835\udc2d\ud835\udc2b\ud835\udc1a\ud835\udc2f\ud835\udc1a\ud835\udc22\ud835\udc25 \ud835\udc1a\ud835\udc1c\ud835\udc21\ud835\udc1a\ud835\udc2b\ud835\udc27\u00e9. \ud835\udc0c\ud835\udc1a\ud835\udc25\ud835\udc20\ud835\udc2b\u00e9 \ud835\udc25\ud835\udc1e\ud835\udc2c \ud835\udc22\ud835\udc26\ud835\udc29\ud835\udc28\ud835\udc2b\ud835\udc2d\ud835\udc1a\ud835\udc27\ud835\udc2d\ud835\udc2c \ud835\udc1d\u00e9\ud835\udc20\u00e2\ud835\udc2d\ud835\udc2c \ud835\udc26\ud835\udc1a\ud835\udc2d\u00e9\ud835\udc2b\ud835\udc22\ud835\udc1e\ud835\udc25\ud835\udc2c, pas de \ud835\udc29\ud835\udc1e\ud835\udc2b\ud835\udc2d\ud835\udc1e \ud835\udc1e\ud835\udc27 \ud835\udc2f\ud835\udc22\ud835\udc1e\ud835\udc2c \ud835\udc21\ud835\udc2e\ud835\udc26\ud835\udc1a\ud835\udc22\ud835\udc27\ud835\udc1e\ud835\udc2c. \ud835\udc14\ud835\udc27 \ud835\udc20\ud835\udc2b\ud835\udc1a\ud835\udc27\ud835\udc1d \ud835\udc26\ud835\udc1e\ud835\udc2b\ud835\udc1c\ud835\udc22 \u00e0 \ud835\udc2d\ud835\udc28\ud835\udc2e\ud835\udc2d\ud835\udc1e\ud835\udc2c \ud835\udc25\ud835\udc1e\ud835\udc2c \ud835\udc29\ud835\udc1e\ud835\udc2b\ud835\udc2c\ud835\udc28\ud835\udc27\ud835\udc27\ud835\udc1e\ud835\udc2c \ud835\udc2a\ud835\udc2e\ud835\udc22 \ud835\udc28\ud835\udc27\ud835\udc2d \ud835\udc1a\ud835\udc29\ud835\udc29\ud835\udc28\ud835\udc2b\ud835\udc2d\u00e9 \ud835\udc25\ud835\udc1e\ud835\udc2e\ud835\udc2b \ud835\udc2c\ud835\udc28\ud835\udc2e\ud835\udc2d\ud835\udc22\ud835\udc1e\ud835\udc27 \ud835\udc22\ud835\udc27\ud835\udc1e\ud835\udc2c\ud835\udc2d\ud835\udc22\ud835\udc26\ud835\udc1a\ud835\udc1b\ud835\udc25\ud835\udc1e \ud835\udc1d\ud835\udc2e\ud835\udc2b\ud835\udc1a\ud835\udc27\ud835\udc2d \ud835\udc1c\ud835\udc1e\ud835\udc2d\ud835\udc2d\ud835\udc1e \u00e9\ud835\udc29\ud835\udc2b\ud835\udc1e\ud835\udc2e\ud835\udc2f\ud835\udc1e. \u00bb, a \u00e9crit le ministre Cond\u00e9 sur sa page Facebook.<\/p>\n<\/div>\n","protected":false},"excerpt":{"rendered":"<p>Dans la nuit du mercredi 12 au jeudi 13 mars 2025, un incendie d&rsquo;une ampleur exceptionnelle a \u00e9clat\u00e9 aux environs de minuit au march\u00e9 Madina, c\u00f4t\u00e9 Niger, en face de Avaria. Partant du niveau sup\u00e9rieur d&rsquo;un b\u00e2timent \u00e0 deux \u00e9tages, les flammes se sont rapidement propag\u00e9es \u00e0 un second immeuble, mettant \u00e0 l&rsquo;\u00e9preuve la capacit\u00e9 [&hellip;]<\/p>\n","protected":false},"author":2,"featured_media":1837,"comment_status":"open","ping_status":"open","sticky":false,"template":"","format":"standard","meta":{"_jetpack_memberships_contains_paid_content":false,"footnotes":"","jetpack_publicize_message":"","jetpack_publicize_feature_enabled":true,"jetpack_social_post_already_shared":true,"jetpack_social_options":{"image_generator_settings":{"template":"highway","default_image_id":0,"font":"","enabled":false},"version":2}},"categories":[30,24],"tags":[472,35,172],"class_list":{"0":"post-1836","1":"post","2":"type-post","3":"status-publish","4":"format-standard","5":"has-post-thumbnail","7":"category-faits-divers","8":"category-news","9":"tag-marche","10":"tag-guinee","11":"tag-incendie"},"jetpack_publicize_connections":[],"jetpack_featured_media_url":"https:\/\/ledenonciateur224.com\/wp-content\/uploads\/2025\/03\/fb-img-1741844501679.jpg","jetpack_sharing_enabled":true,"_links":{"self":[{"href":"https:\/\/ledenonciateur224.com\/index.php\/wp-json\/wp\/v2\/posts\/1836","targetHints":{"allow":["GET"]}}],"collection":[{"href":"https:\/\/ledenonciateur224.com\/index.php\/wp-json\/wp\/v2\/posts"}],"about":[{"href":"https:\/\/ledenonciateur224.com\/index.php\/wp-json\/wp\/v2\/types\/post"}],"author":[{"embeddable":true,"href":"https:\/\/ledenonciateur224.com\/index.php\/wp-json\/wp\/v2\/users\/2"}],"replies":[{"embeddable":true,"href":"https:\/\/ledenonciateur224.com\/index.php\/wp-json\/wp\/v2\/comments?post=1836"}],"version-history":[{"count":0,"href":"https:\/\/ledenonciateur224.com\/index.php\/wp-json\/wp\/v2\/posts\/1836\/revisions"}],"wp:featuredmedia":[{"embeddable":true,"href":"https:\/\/ledenonciateur224.com\/index.php\/wp-json\/wp\/v2\/media\/1837"}],"wp:attachment":[{"href":"https:\/\/ledenonciateur224.com\/index.php\/wp-json\/wp\/v2\/media?parent=1836"}],"wp:term":[{"taxonomy":"category","embeddable":true,"href":"https:\/\/ledenonciateur224.com\/index.php\/wp-json\/wp\/v2\/categories?post=1836"},{"taxonomy":"post_tag","embeddable":true,"href":"https:\/\/ledenonciateur224.com\/index.php\/wp-json\/wp\/v2\/tags?post=1836"}],"curies":[{"name":"wp","href":"https:\/\/api.w.org\/{rel}","templated":true}]}}