{"id":1863,"date":"2025-03-14T10:02:05","date_gmt":"2025-03-14T10:02:05","guid":{"rendered":"https:\/\/ledenonciateur224.com\/?p=1863"},"modified":"2025-03-14T10:02:05","modified_gmt":"2025-03-14T10:02:05","slug":"la-guinee-pays-invite-dhonneur-du-femua-2025-une-vitrine-culturelle-pour-les-artistes-guineens","status":"publish","type":"post","link":"https:\/\/ledenonciateur224.com\/index.php\/la-guinee-pays-invite-dhonneur-du-femua-2025-une-vitrine-culturelle-pour-les-artistes-guineens\/","title":{"rendered":"La Guin\u00e9e, pays invit\u00e9 d&rsquo;honneur du FEMUA 2025 : Une vitrine culturelle pour les artistes guin\u00e9ens"},"content":{"rendered":"<h3>La Guin\u00e9e a \u00e9t\u00e9 d\u00e9sign\u00e9e pays invit\u00e9 d&rsquo;honneur pour la 17\u00e8me \u00e9dition du Festival des Musiques Urbaines d\u2019Anoumabo (FEMUA), qui se d\u00e9roulera du 15 au 20 avril 2025 \u00e0 Abidjan, sur le th\u00e8me \u00ab Civisme et s\u00e9curit\u00e9 routi\u00e8re \u00bb. Lors d&rsquo;une conf\u00e9rence de presse le 13 mars 2025 \u00e0 Conakry, le ministre de la Culture, Moussa Mo\u00efse Sylla, a exprim\u00e9 sa joie et sa fiert\u00e9 de voir la Guin\u00e9e mise \u00e0 l\u2019honneur, soulignant que ce choix marque une reconnaissance importante pour le pays, r\u00e9put\u00e9 pour sa riche culture artistique. Il a \u00e9galement salu\u00e9 l\u2019opportunit\u00e9 offerte par ce festival pour mettre en lumi\u00e8re les talents guin\u00e9ens souvent sous-expos\u00e9s.<\/h3>\n<p><img loading=\"lazy\" decoding=\"async\" class=\"alignnone size-full wp-image-1861\" src=\"https:\/\/ledenonciateur224.com\/wp-content\/uploads\/2025\/03\/480961592-952737287044198-5701328355904405864-n.jpg\" alt=\"\" width=\"740\" height=\"566\" srcset=\"https:\/\/ledenonciateur224.com\/wp-content\/uploads\/2025\/03\/480961592-952737287044198-5701328355904405864-n.jpg 740w, https:\/\/ledenonciateur224.com\/wp-content\/uploads\/2025\/03\/480961592-952737287044198-5701328355904405864-n-300x229.jpg 300w, https:\/\/ledenonciateur224.com\/wp-content\/uploads\/2025\/03\/480961592-952737287044198-5701328355904405864-n-150x115.jpg 150w, https:\/\/ledenonciateur224.com\/wp-content\/uploads\/2025\/03\/480961592-952737287044198-5701328355904405864-n-696x532.jpg 696w, https:\/\/ledenonciateur224.com\/wp-content\/uploads\/2025\/03\/480961592-952737287044198-5701328355904405864-n-549x420.jpg 549w, https:\/\/ledenonciateur224.com\/wp-content\/uploads\/2025\/03\/480961592-952737287044198-5701328355904405864-n-80x60.jpg 80w\" sizes=\"auto, (max-width: 740px) 100vw, 740px\" \/><\/p>\n<p>Le ministre a expliqu\u00e9 que le FEMUA repr\u00e9sente une plateforme id\u00e9ale pour offrir plus de visibilit\u00e9 aux artistes guin\u00e9ens, dont les nombreux talents en musique et percussion peinent parfois \u00e0 trouver des d\u00e9bouch\u00e9s. Ce festival permettra \u00e9galement de favoriser des \u00e9changes professionnels et de stimuler des collaborations internationales gr\u00e2ce \u00e0 la pr\u00e9sence de programmateurs et de d\u00e9nicheurs de talents.<\/p>\n<p>Salif Traor\u00e9, commissaire g\u00e9n\u00e9ral du FEMUA, a justifi\u00e9 ce choix par l&rsquo;engagement des autorit\u00e9s guin\u00e9ennes \u00e0 promouvoir la culture comme levier de d\u00e9veloppement \u00e9conomique. Selon lui, le festival sera l&rsquo;occasion de renforcer les liens culturels entre la Guin\u00e9e et la C\u00f4te d&rsquo;Ivoire, en mettant en avant la Guin\u00e9e comme une nation culturelle par excellence.<\/p>\n<p>Le c\u00e9l\u00e8bre artiste Takana Zion, \u00e9galement pr\u00e9sent \u00e0 la conf\u00e9rence, a exprim\u00e9 son enthousiasme pour cette initiative. Il a rappel\u00e9 son exp\u00e9rience positive sur d&rsquo;autres sc\u00e8nes internationales et a soulign\u00e9 l\u2019importance de cet \u00e9v\u00e9nement pour la visibilit\u00e9 des artistes guin\u00e9ens. Avec une \u00e9quipe compos\u00e9e en partie d&rsquo;Ivoiriens et d&rsquo;Europ\u00e9ens, Takana pr\u00e9voit de donner une dimension internationale \u00e0 sa prestation.<\/p>\n<p>&nbsp;<\/p>\n<p>Le FEMUA 2025 s&rsquo;annonce donc comme une v\u00e9ritable vitrine pour la culture guin\u00e9enne, offrant une opportunit\u00e9 pr\u00e9cieuse pour les artistes locaux de se faire conna\u00eetre sur la sc\u00e8ne internationale.<\/p>\n<p>N&rsquo;sira Sylla<\/p>\n","protected":false},"excerpt":{"rendered":"<p>La Guin\u00e9e a \u00e9t\u00e9 d\u00e9sign\u00e9e pays invit\u00e9 d&rsquo;honneur pour la 17\u00e8me \u00e9dition du Festival des Musiques Urbaines d\u2019Anoumabo (FEMUA), qui se d\u00e9roulera du 15 au 20 avril 2025 \u00e0 Abidjan, sur le th\u00e8me \u00ab Civisme et s\u00e9curit\u00e9 routi\u00e8re \u00bb. Lors d&rsquo;une conf\u00e9rence de presse le 13 mars 2025 \u00e0 Conakry, le ministre de la Culture, [&hellip;]<\/p>\n","protected":false},"author":2,"featured_media":1854,"comment_status":"open","ping_status":"open","sticky":false,"template":"","format":"standard","meta":{"_jetpack_memberships_contains_paid_content":false,"footnotes":"","jetpack_publicize_message":"","jetpack_publicize_feature_enabled":true,"jetpack_social_post_already_shared":true,"jetpack_social_options":{"image_generator_settings":{"template":"highway","default_image_id":0,"font":"","enabled":false},"version":2}},"categories":[28,24],"tags":[468,481,342],"class_list":{"0":"post-1863","1":"post","2":"type-post","3":"status-publish","4":"format-standard","5":"has-post-thumbnail","7":"category-culture","8":"category-news","9":"tag-internationale-guinee","10":"tag-musique","11":"tag-culture"},"jetpack_publicize_connections":[],"jetpack_featured_media_url":"https:\/\/ledenonciateur224.com\/wp-content\/uploads\/2025\/03\/480800128-952738223710771-1913881305898698953-n.jpg","jetpack_sharing_enabled":true,"_links":{"self":[{"href":"https:\/\/ledenonciateur224.com\/index.php\/wp-json\/wp\/v2\/posts\/1863","targetHints":{"allow":["GET"]}}],"collection":[{"href":"https:\/\/ledenonciateur224.com\/index.php\/wp-json\/wp\/v2\/posts"}],"about":[{"href":"https:\/\/ledenonciateur224.com\/index.php\/wp-json\/wp\/v2\/types\/post"}],"author":[{"embeddable":true,"href":"https:\/\/ledenonciateur224.com\/index.php\/wp-json\/wp\/v2\/users\/2"}],"replies":[{"embeddable":true,"href":"https:\/\/ledenonciateur224.com\/index.php\/wp-json\/wp\/v2\/comments?post=1863"}],"version-history":[{"count":0,"href":"https:\/\/ledenonciateur224.com\/index.php\/wp-json\/wp\/v2\/posts\/1863\/revisions"}],"wp:featuredmedia":[{"embeddable":true,"href":"https:\/\/ledenonciateur224.com\/index.php\/wp-json\/wp\/v2\/media\/1854"}],"wp:attachment":[{"href":"https:\/\/ledenonciateur224.com\/index.php\/wp-json\/wp\/v2\/media?parent=1863"}],"wp:term":[{"taxonomy":"category","embeddable":true,"href":"https:\/\/ledenonciateur224.com\/index.php\/wp-json\/wp\/v2\/categories?post=1863"},{"taxonomy":"post_tag","embeddable":true,"href":"https:\/\/ledenonciateur224.com\/index.php\/wp-json\/wp\/v2\/tags?post=1863"}],"curies":[{"name":"wp","href":"https:\/\/api.w.org\/{rel}","templated":true}]}}