{"id":1909,"date":"2025-03-17T17:16:25","date_gmt":"2025-03-17T17:16:25","guid":{"rendered":"https:\/\/ledenonciateur224.com\/?p=1909"},"modified":"2025-03-17T17:16:25","modified_gmt":"2025-03-17T17:16:25","slug":"kountiguigbe-de-la-basse-guinee-la-guerre-de-succession-entre-elhadj-mamoudou-camara-et-elhadj-moustapha-kaba","status":"publish","type":"post","link":"https:\/\/ledenonciateur224.com\/index.php\/kountiguigbe-de-la-basse-guinee-la-guerre-de-succession-entre-elhadj-mamoudou-camara-et-elhadj-moustapha-kaba\/","title":{"rendered":"Kountiguigb\u00e9 de la Basse-Guin\u00e9e : La Guerre de succession entre Elhadj Mamoudou Camara et Elhadj Moustapha Kaba"},"content":{"rendered":"<h3>Le conflit pour le poste de Kountiguigb\u00e9 de la Basse-Guin\u00e9e s&rsquo;intensifie, avec un duel sans fin entre Elhadj Mamoudou Camara et Elhadj Moustapha Kaba. Apr\u00e8s l&rsquo;intronisation d&rsquo;Elhadj Mamoudou Camara en f\u00e9vrier dernier, les partisans de Moustapha Kaba n\u2019ont pas dit leur dernier mot. Ce face-\u00e0-face, o\u00f9 s\u2019entrem\u00ealent l\u00e9gitimit\u00e9 traditionnelle et influences politiques, divise profond\u00e9ment la r\u00e9gion.Trois semaines apr\u00e8s cette c\u00e9r\u00e9monie \u00e0 Kindia, les partisans d&rsquo;Elhadj Moustapha Kaba ont, \u00e0 leur tour, d\u00e9sign\u00e9 leur responsable moral, pr\u00e9tendant ainsi au titre de Kountiguigb\u00e9.<\/h3>\n<p>Ce lundi 17 mars, lors d&rsquo;une interview accord\u00e9e \u00e0 la presse, un des sages \u00e9minents de la communaut\u00e9 de Boffa, Elhadj Ahmed Sylla, est revenu sur les \u00e9v\u00e9nements qui ont pr\u00e9cipit\u00e9 cette situation. Il a notamment retrac\u00e9 l\u2019histoire du conflit, soulignant la l\u00e9gitimit\u00e9 d\u2019Elhadj Moustapha Kaba en tant que Kountiguigb\u00e9 de la Basse-Guin\u00e9e.<\/p>\n<p><img loading=\"lazy\" decoding=\"async\" class=\"alignnone size-full wp-image-1911\" src=\"https:\/\/ledenonciateur224.com\/wp-content\/uploads\/2025\/03\/20250317-122247-scaled.jpg\" alt=\"\" width=\"2560\" height=\"1440\" srcset=\"https:\/\/ledenonciateur224.com\/wp-content\/uploads\/2025\/03\/20250317-122247-scaled.jpg 2560w, https:\/\/ledenonciateur224.com\/wp-content\/uploads\/2025\/03\/20250317-122247-300x169.jpg 300w, https:\/\/ledenonciateur224.com\/wp-content\/uploads\/2025\/03\/20250317-122247-1024x576.jpg 1024w, https:\/\/ledenonciateur224.com\/wp-content\/uploads\/2025\/03\/20250317-122247-768x432.jpg 768w, https:\/\/ledenonciateur224.com\/wp-content\/uploads\/2025\/03\/20250317-122247-1536x864.jpg 1536w, https:\/\/ledenonciateur224.com\/wp-content\/uploads\/2025\/03\/20250317-122247-2048x1152.jpg 2048w, https:\/\/ledenonciateur224.com\/wp-content\/uploads\/2025\/03\/20250317-122247-150x84.jpg 150w, https:\/\/ledenonciateur224.com\/wp-content\/uploads\/2025\/03\/20250317-122247-696x392.jpg 696w, https:\/\/ledenonciateur224.com\/wp-content\/uploads\/2025\/03\/20250317-122247-1068x601.jpg 1068w, https:\/\/ledenonciateur224.com\/wp-content\/uploads\/2025\/03\/20250317-122247-1920x1080.jpg 1920w, https:\/\/ledenonciateur224.com\/wp-content\/uploads\/2025\/03\/20250317-122247-747x420.jpg 747w\" sizes=\"auto, (max-width: 2560px) 100vw, 2560px\" \/><\/p>\n<p><em><strong>&lt;&lt;Le point de d\u00e9part du diff\u00e9rend remonte au d\u00e9c\u00e8s d\u2019Elhadj Sekhouna Soumah, ancien Kountiguigb\u00e9 de la Basse-C\u00f4te. Lors des fun\u00e9railles, Elhadj Mamoudou Camara a \u00e9t\u00e9 d\u00e9sign\u00e9 pour s\u2019occuper de la maison du d\u00e9funt. Mais un jeudi suivant, un groupe l\u2019a d\u00e9sign\u00e9 comme successeur de Sekhouna Soumah, malgr\u00e9 un communiqu\u00e9 officiel appelant \u00e0 la suspension de toute d\u00e9signation jusqu\u2019apr\u00e8s le grand sacrifice fun\u00e9raire. Malgr\u00e9 cela, Elhadj Mamoudou Camara a \u00e9t\u00e9 proclam\u00e9 successeur, ce qui a \u00e9t\u00e9 per\u00e7u comme une d\u00e9cision pr\u00e9cipit\u00e9e et contest\u00e9e.<\/strong><\/em><\/p>\n<p><em><strong>Un autre groupe, dirig\u00e9 par Elhadj Sounna Yansan\u00e9, a \u00e9galement revendiqu\u00e9 la succession. Ce climat de division a \u00e9clat\u00e9 lors du grand sacrifice organis\u00e9 en l&rsquo;honneur du feu Elhadj Sekhouna Soumah, o\u00f9 un incident est survenu entre les partisans de Mamoudou Camara et ceux de Sounna Yansan\u00e9.<\/strong><\/em><\/p>\n<p><em><strong>Face \u00e0 cette impasse, les sages de la Basse-Guin\u00e9e, repr\u00e9sentant les 14 ethnies de la r\u00e9gion (Bok\u00e9, Boffa, Fria, Coyah, Dubr\u00e9ka, For\u00e9cariah, et Conakry), ont organis\u00e9 une rencontre chez d&rsquo;Elhadj Algassimou Tafsir Ciss\u00e9 \u00e0 Gbessia, Conakry. Apr\u00e8s une \u00e9valuation des divergences, ils ont pris la d\u00e9cision de choisir Elhadj Moustapha Kaba comme Kountiguigb\u00e9 de la Basse-Guin\u00e9e, esp\u00e9rant ainsi mettre fin \u00e0 la cacophonie et r\u00e9tablir la paix<\/strong><\/em>.&gt;&gt;, a-t-il rappel\u00e9 avant de poursuivre<\/p>\n<p>\u00ab <em><strong>Trois raisons fondamentales nous ont pouss\u00e9s \u00e0 prendre cette d\u00e9cision<\/strong><\/em> \u00bb, a expliqu\u00e9 Elhadj Ahmed Sylla. \u00ab <em><strong>Premi\u00e8rement, certains ont pr\u00e9tendu que seuls les noms Camara, Soumah, Sylla ou Bangoura pouvaient pr\u00e9tendre au titre de Kountiguigb\u00e9. Mais cela va-t-il dans le sens de la construction du pays ou de sa destruction ? Nous devons aller au-del\u00e0 des appartenances ethniques et familiales pour pr\u00e9server l\u2019unit\u00e9<\/strong><\/em>. \u00bb Il a \u00e9galement insist\u00e9 sur le fait que la d\u00e9signation d\u2019Elhadj Moustapha Kaba repr\u00e9sente un choix fait dans l\u2019int\u00e9r\u00eat de la Basse-Guin\u00e9e et de ses communaut\u00e9s.<\/p>\n<p>Dans cette optique, Elhadj Ahmed Sylla a demand\u00e9 au gouvernement guin\u00e9en de reconna\u00eetre officiellement la d\u00e9signation d\u2019Elhadj Moustapha Kaba, tout en appelant \u00e0 l&rsquo;unit\u00e9 des fils et filles de la Basse-Guin\u00e9e. Il d\u00e9plore que le groupe d\u2019Elhadj Mamoudou Camara, ayant viol\u00e9 les r\u00e8gles traditionnelles, ait fini par installer Mamoudou Camara comme Kountiguigb\u00e9 en profitant de la conjoncture politique, notamment en s\u2019alignant avec les soutiens au pr\u00e9sident de la R\u00e9publique.<\/p>\n<p><img loading=\"lazy\" decoding=\"async\" class=\"alignnone size-full wp-image-1912\" src=\"https:\/\/ledenonciateur224.com\/wp-content\/uploads\/2025\/03\/20250317-122423-scaled.jpg\" alt=\"\" width=\"2560\" height=\"1440\" srcset=\"https:\/\/ledenonciateur224.com\/wp-content\/uploads\/2025\/03\/20250317-122423-scaled.jpg 2560w, https:\/\/ledenonciateur224.com\/wp-content\/uploads\/2025\/03\/20250317-122423-300x169.jpg 300w, https:\/\/ledenonciateur224.com\/wp-content\/uploads\/2025\/03\/20250317-122423-1024x576.jpg 1024w, https:\/\/ledenonciateur224.com\/wp-content\/uploads\/2025\/03\/20250317-122423-768x432.jpg 768w, https:\/\/ledenonciateur224.com\/wp-content\/uploads\/2025\/03\/20250317-122423-1536x864.jpg 1536w, https:\/\/ledenonciateur224.com\/wp-content\/uploads\/2025\/03\/20250317-122423-2048x1152.jpg 2048w, https:\/\/ledenonciateur224.com\/wp-content\/uploads\/2025\/03\/20250317-122423-150x84.jpg 150w, https:\/\/ledenonciateur224.com\/wp-content\/uploads\/2025\/03\/20250317-122423-696x392.jpg 696w, https:\/\/ledenonciateur224.com\/wp-content\/uploads\/2025\/03\/20250317-122423-1068x601.jpg 1068w, https:\/\/ledenonciateur224.com\/wp-content\/uploads\/2025\/03\/20250317-122423-1920x1080.jpg 1920w, https:\/\/ledenonciateur224.com\/wp-content\/uploads\/2025\/03\/20250317-122423-747x420.jpg 747w\" sizes=\"auto, (max-width: 2560px) 100vw, 2560px\" \/><\/p>\n<p>Ainsi, la question du Kountiguigb\u00e9 de la Basse-C\u00f4te ne se limite pas \u00e0 une simple lutte pour un titre traditionnel, mais incarne \u00e9galement un enjeu de pouvoir et de coh\u00e9sion sociale. Le choix de celui ou celle qui occupera cette fonction rev\u00eat une importance capitale pour l&rsquo;unit\u00e9 r\u00e9gionale, tant sur le plan culturel que politique. Pour le moment, les clans se battent pour faire valoir leur vision et leur l\u00e9gitimit\u00e9.<\/p>\n<p>&nbsp;<\/p>\n<p>Aboubacar Moussa Camara<\/p>\n<p>622 42 41 87<\/p>\n","protected":false},"excerpt":{"rendered":"<p>Le conflit pour le poste de Kountiguigb\u00e9 de la Basse-Guin\u00e9e s&rsquo;intensifie, avec un duel sans fin entre Elhadj Mamoudou Camara et Elhadj Moustapha Kaba. Apr\u00e8s l&rsquo;intronisation d&rsquo;Elhadj Mamoudou Camara en f\u00e9vrier dernier, les partisans de Moustapha Kaba n\u2019ont pas dit leur dernier mot. Ce face-\u00e0-face, o\u00f9 s\u2019entrem\u00ealent l\u00e9gitimit\u00e9 traditionnelle et influences politiques, divise profond\u00e9ment la [&hellip;]<\/p>\n","protected":false},"author":2,"featured_media":1910,"comment_status":"open","ping_status":"open","sticky":false,"template":"","format":"standard","meta":{"_jetpack_memberships_contains_paid_content":false,"footnotes":"","jetpack_publicize_message":"","jetpack_publicize_feature_enabled":true,"jetpack_social_post_already_shared":true,"jetpack_social_options":{"image_generator_settings":{"template":"highway","default_image_id":0,"font":"","enabled":false},"version":2}},"categories":[30,24],"tags":[490,491,489],"class_list":{"0":"post-1909","1":"post","2":"type-post","3":"status-publish","4":"format-standard","5":"has-post-thumbnail","7":"category-faits-divers","8":"category-news","9":"tag-basse-guinee","10":"tag-communaute","11":"tag-kountiguigbe"},"jetpack_publicize_connections":[],"jetpack_featured_media_url":"https:\/\/ledenonciateur224.com\/wp-content\/uploads\/2025\/03\/20250317-122340-scaled.jpg","jetpack_sharing_enabled":true,"_links":{"self":[{"href":"https:\/\/ledenonciateur224.com\/index.php\/wp-json\/wp\/v2\/posts\/1909","targetHints":{"allow":["GET"]}}],"collection":[{"href":"https:\/\/ledenonciateur224.com\/index.php\/wp-json\/wp\/v2\/posts"}],"about":[{"href":"https:\/\/ledenonciateur224.com\/index.php\/wp-json\/wp\/v2\/types\/post"}],"author":[{"embeddable":true,"href":"https:\/\/ledenonciateur224.com\/index.php\/wp-json\/wp\/v2\/users\/2"}],"replies":[{"embeddable":true,"href":"https:\/\/ledenonciateur224.com\/index.php\/wp-json\/wp\/v2\/comments?post=1909"}],"version-history":[{"count":0,"href":"https:\/\/ledenonciateur224.com\/index.php\/wp-json\/wp\/v2\/posts\/1909\/revisions"}],"wp:featuredmedia":[{"embeddable":true,"href":"https:\/\/ledenonciateur224.com\/index.php\/wp-json\/wp\/v2\/media\/1910"}],"wp:attachment":[{"href":"https:\/\/ledenonciateur224.com\/index.php\/wp-json\/wp\/v2\/media?parent=1909"}],"wp:term":[{"taxonomy":"category","embeddable":true,"href":"https:\/\/ledenonciateur224.com\/index.php\/wp-json\/wp\/v2\/categories?post=1909"},{"taxonomy":"post_tag","embeddable":true,"href":"https:\/\/ledenonciateur224.com\/index.php\/wp-json\/wp\/v2\/tags?post=1909"}],"curies":[{"name":"wp","href":"https:\/\/api.w.org\/{rel}","templated":true}]}}