{"id":1914,"date":"2025-03-18T11:21:33","date_gmt":"2025-03-18T11:21:33","guid":{"rendered":"https:\/\/ledenonciateur224.com\/?p=1914"},"modified":"2025-03-18T11:21:33","modified_gmt":"2025-03-18T11:21:33","slug":"le-niger-et-le-burkina-faso-quittent-loif-un-nouveau-pas-vers-lindependance-face-a-la-france","status":"publish","type":"post","link":"https:\/\/ledenonciateur224.com\/index.php\/le-niger-et-le-burkina-faso-quittent-loif-un-nouveau-pas-vers-lindependance-face-a-la-france\/","title":{"rendered":"Le Niger et le Burkina Faso quittent l&rsquo;OIF : un nouveau pas vers l&rsquo;ind\u00e9pendance face \u00e0 la France"},"content":{"rendered":"<p>Le Niger et le Burkina Faso ont officiellement annonc\u00e9 leur retrait de l&rsquo;Organisation internationale de la Francophonie (OIF), marquant ainsi une rupture symbolique avec la France. Cette d\u00e9cision intervient apr\u00e8s la suspension du Niger de l&rsquo;OIF suite au coup d&rsquo;\u00c9tat de juillet 2023. Le Burkina Faso, dans un mouvement similaire, a choisi de suivre cette voie. Loin d\u2019\u00eatre isol\u00e9, le Mali, partenaire strat\u00e9gique des deux nations au sein de l&rsquo;Alliance des \u00c9tats du Sahel (AES), pourrait bien embo\u00eeter le pas, bien que l&rsquo;OIF esp\u00e8re \u00e9viter une telle issue. Ces retraits t\u00e9moignent d\u2019une volont\u00e9 croissante de ces pays africains de r\u00e9affirmer leur souverainet\u00e9 et de s\u2019\u00e9loigner de l&rsquo;influence fran\u00e7aise.<\/p>\n<p>&nbsp;<\/p>\n<p>Ledenonciateur224.com<\/p>\n","protected":false},"excerpt":{"rendered":"<p>Le Niger et le Burkina Faso ont officiellement annonc\u00e9 leur retrait de l&rsquo;Organisation internationale de la Francophonie (OIF), marquant ainsi une rupture symbolique avec la France. Cette d\u00e9cision intervient apr\u00e8s la suspension du Niger de l&rsquo;OIF suite au coup d&rsquo;\u00c9tat de juillet 2023. Le Burkina Faso, dans un mouvement similaire, a choisi de suivre cette [&hellip;]<\/p>\n","protected":false},"author":2,"featured_media":1915,"comment_status":"open","ping_status":"open","sticky":false,"template":"","format":"standard","meta":{"_jetpack_memberships_contains_paid_content":false,"footnotes":"","jetpack_publicize_message":"","jetpack_publicize_feature_enabled":true,"jetpack_social_post_already_shared":true,"jetpack_social_options":{"image_generator_settings":{"template":"highway","default_image_id":0,"font":"","enabled":false},"version":2}},"categories":[38,24],"tags":[62,141,66],"class_list":{"0":"post-1914","1":"post","2":"type-post","3":"status-publish","4":"format-standard","5":"has-post-thumbnail","7":"category-international","8":"category-news","9":"tag-burkina-faso","10":"tag-niger","11":"tag-transition"},"jetpack_publicize_connections":[],"jetpack_featured_media_url":"https:\/\/ledenonciateur224.com\/wp-content\/uploads\/2025\/03\/c15fab20-2wl3msdv1il4x0q22trxn.jpeg","jetpack_sharing_enabled":true,"_links":{"self":[{"href":"https:\/\/ledenonciateur224.com\/index.php\/wp-json\/wp\/v2\/posts\/1914","targetHints":{"allow":["GET"]}}],"collection":[{"href":"https:\/\/ledenonciateur224.com\/index.php\/wp-json\/wp\/v2\/posts"}],"about":[{"href":"https:\/\/ledenonciateur224.com\/index.php\/wp-json\/wp\/v2\/types\/post"}],"author":[{"embeddable":true,"href":"https:\/\/ledenonciateur224.com\/index.php\/wp-json\/wp\/v2\/users\/2"}],"replies":[{"embeddable":true,"href":"https:\/\/ledenonciateur224.com\/index.php\/wp-json\/wp\/v2\/comments?post=1914"}],"version-history":[{"count":0,"href":"https:\/\/ledenonciateur224.com\/index.php\/wp-json\/wp\/v2\/posts\/1914\/revisions"}],"wp:featuredmedia":[{"embeddable":true,"href":"https:\/\/ledenonciateur224.com\/index.php\/wp-json\/wp\/v2\/media\/1915"}],"wp:attachment":[{"href":"https:\/\/ledenonciateur224.com\/index.php\/wp-json\/wp\/v2\/media?parent=1914"}],"wp:term":[{"taxonomy":"category","embeddable":true,"href":"https:\/\/ledenonciateur224.com\/index.php\/wp-json\/wp\/v2\/categories?post=1914"},{"taxonomy":"post_tag","embeddable":true,"href":"https:\/\/ledenonciateur224.com\/index.php\/wp-json\/wp\/v2\/tags?post=1914"}],"curies":[{"name":"wp","href":"https:\/\/api.w.org\/{rel}","templated":true}]}}