{"id":1928,"date":"2025-03-18T23:08:39","date_gmt":"2025-03-18T23:08:39","guid":{"rendered":"https:\/\/ledenonciateur224.com\/?p=1928"},"modified":"2025-03-18T23:08:39","modified_gmt":"2025-03-18T23:08:39","slug":"le-mali-quitte-officiellement-loif-un-geste-similaire-a-celui-du-niger-et-du-burkina-faso","status":"publish","type":"post","link":"https:\/\/ledenonciateur224.com\/index.php\/le-mali-quitte-officiellement-loif-un-geste-similaire-a-celui-du-niger-et-du-burkina-faso\/","title":{"rendered":"Le Mali quitte officiellement l\u2019OIF : Un geste similaire \u00e0 celui du Niger et du Burkina Faso"},"content":{"rendered":"<p>Le Mali a embo\u00eet\u00e9 le pas au Niger en annon\u00e7ant son retrait de l\u2019Organisation Internationale de la Francophonie (OIF), une d\u00e9cision officialis\u00e9e ce mardi 18 mars 2025 par le Minist\u00e8re des Affaires \u00e9trang\u00e8res et de la Coop\u00e9ration internationale, \u00e0 travers une note adress\u00e9e au gouvernement fran\u00e7ais via le Quai d&rsquo;Orsay.<\/p>\n<p>Depuis la chute d&rsquo;Ibrahim Boubacar Ke\u00efta (IBK) en 2019, le Mali traverse une p\u00e9riode de transition dirig\u00e9e par les militaires, avec \u00e0 sa t\u00eate le G\u00e9n\u00e9ral Assimi Goita. Au c\u0153ur de cette d\u00e9cision, Bamako reproche \u00e0 l\u2019OIF son comportement qu\u2019il juge inappropri\u00e9 et partial, notamment en raison de l\u2019application s\u00e9lective de sanctions depuis le d\u00e9but de la transition. Le gouvernement malien consid\u00e8re que l\u2019Organisation, au lieu de soutenir les aspirations l\u00e9gitimes du peuple malien, a montr\u00e9 un m\u00e9pris pour la souverainet\u00e9 du pays.<\/p>\n<p><strong>Une rupture marqu\u00e9e par des sanctions s\u00e9lectives<\/strong><br \/>\nDans la note adress\u00e9e \u00e0 la France, pr\u00e9sidente actuelle de l\u2019OIF, le Mali affirme que depuis le d\u00e9but de la transition, l\u2019OIF n\u2019a pas respect\u00e9 ses engagements envers le pays. \u00ab\u00a0Depuis l\u2019av\u00e8nement de la transition, l\u2019OIF, au lieu d\u2019accompagner le Mali dans la r\u00e9alisation des aspirations l\u00e9gitimes de son peuple, s\u2019est illustr\u00e9e par l\u2019application s\u00e9lective des sanctions et le m\u00e9pris pour la souverainet\u00e9 du Mali\u00a0\u00bb, souligne le gouvernement malien. Cette d\u00e9cision de retrait est un acte symbolique fort, manifestant une rupture d\u00e9finitive avec l\u2019organisation.<\/p>\n<p><strong>Un mouvement r\u00e9gional : le Niger montre la voie<\/strong><br \/>\nLe Mali devient ainsi le troisi\u00e8me \u00c9tat membre de l&rsquo;Alliance des \u00c9tats Sah\u00e9liens (AES) \u00e0 quitter l&rsquo;OIF en moins de 48 heures, apr\u00e8s le Niger qui a ouvert le bal le jour pr\u00e9c\u00e9dent. Bamako, tout en justifiant son retrait, rappelle qu\u2019il a toujours montr\u00e9 son attachement aux id\u00e9aux de la Francophonie, mais estime aujourd\u2019hui que l\u2019OIF est incompatible avec les principes constitutionnels qui guident son action, fond\u00e9s sur la souverainet\u00e9 de l\u2019\u00c9tat et la d\u00e9fense des choix souverains du peuple malien.<\/p>\n<p><strong>Le cadre l\u00e9gal du retrait<\/strong><br \/>\nConform\u00e9ment \u00e0 l\u2019article 10 de la Charte de la Francophonie, le Mali notifie officiellement sa d\u00e9cision de retrait de l\u2019OIF. Ce geste marque un tournant dans les relations entre l\u2019Organisation et certains pays africains, \u00e0 l\u2019heure o\u00f9 des tensions diplomatiques croissantes apparaissent sur le continent.<\/p>\n<p><strong>Une r\u00e9action mitig\u00e9e de l&rsquo;OIF<\/strong><br \/>\nLa porte-parole de l\u2019OIF, Oria Vande Weghe, a exprim\u00e9 sa pr\u00e9occupation \u00e0 la suite du retrait du Niger, et a soulign\u00e9 que, bien que d\u00e9plorable, l\u2019OIF se doit de respecter la souverainet\u00e9 de ses \u00c9tats membres, m\u00eame si cette d\u00e9cision pourrait avoir des cons\u00e9quences \u00e0 long terme sur l\u2019organisation.<\/p>\n<p>Le retrait du Mali renforce donc les tensions entre certains pays africains et les institutions issues de la colonisation, et pourrait bien pr\u00e9figurer une reconfiguration des alliances diplomatiques sur le continent.<\/p>\n<p>&nbsp;<\/p>\n<p>Ledenonciateur224.com<\/p>\n","protected":false},"excerpt":{"rendered":"<p>Le Mali a embo\u00eet\u00e9 le pas au Niger en annon\u00e7ant son retrait de l\u2019Organisation Internationale de la Francophonie (OIF), une d\u00e9cision officialis\u00e9e ce mardi 18 mars 2025 par le Minist\u00e8re des Affaires \u00e9trang\u00e8res et de la Coop\u00e9ration internationale, \u00e0 travers une note adress\u00e9e au gouvernement fran\u00e7ais via le Quai d&rsquo;Orsay. Depuis la chute d&rsquo;Ibrahim Boubacar [&hellip;]<\/p>\n","protected":false},"author":2,"featured_media":1929,"comment_status":"open","ping_status":"open","sticky":false,"template":"","format":"standard","meta":{"_jetpack_memberships_contains_paid_content":false,"footnotes":"","jetpack_publicize_message":"","jetpack_publicize_feature_enabled":true,"jetpack_social_post_already_shared":true,"jetpack_social_options":{"image_generator_settings":{"template":"highway","default_image_id":0,"font":"","enabled":false},"version":2}},"categories":[38,24],"tags":[494,493,495],"class_list":{"0":"post-1928","1":"post","2":"type-post","3":"status-publish","4":"format-standard","5":"has-post-thumbnail","7":"category-international","8":"category-news","9":"tag-francophonie","10":"tag-oif","11":"tag-transition-mali"},"jetpack_publicize_connections":[],"jetpack_featured_media_url":"https:\/\/ledenonciateur224.com\/wp-content\/uploads\/2025\/03\/assimi-goita.jpeg","jetpack_sharing_enabled":true,"_links":{"self":[{"href":"https:\/\/ledenonciateur224.com\/index.php\/wp-json\/wp\/v2\/posts\/1928","targetHints":{"allow":["GET"]}}],"collection":[{"href":"https:\/\/ledenonciateur224.com\/index.php\/wp-json\/wp\/v2\/posts"}],"about":[{"href":"https:\/\/ledenonciateur224.com\/index.php\/wp-json\/wp\/v2\/types\/post"}],"author":[{"embeddable":true,"href":"https:\/\/ledenonciateur224.com\/index.php\/wp-json\/wp\/v2\/users\/2"}],"replies":[{"embeddable":true,"href":"https:\/\/ledenonciateur224.com\/index.php\/wp-json\/wp\/v2\/comments?post=1928"}],"version-history":[{"count":0,"href":"https:\/\/ledenonciateur224.com\/index.php\/wp-json\/wp\/v2\/posts\/1928\/revisions"}],"wp:featuredmedia":[{"embeddable":true,"href":"https:\/\/ledenonciateur224.com\/index.php\/wp-json\/wp\/v2\/media\/1929"}],"wp:attachment":[{"href":"https:\/\/ledenonciateur224.com\/index.php\/wp-json\/wp\/v2\/media?parent=1928"}],"wp:term":[{"taxonomy":"category","embeddable":true,"href":"https:\/\/ledenonciateur224.com\/index.php\/wp-json\/wp\/v2\/categories?post=1928"},{"taxonomy":"post_tag","embeddable":true,"href":"https:\/\/ledenonciateur224.com\/index.php\/wp-json\/wp\/v2\/tags?post=1928"}],"curies":[{"name":"wp","href":"https:\/\/api.w.org\/{rel}","templated":true}]}}