{"id":1946,"date":"2025-03-20T09:39:32","date_gmt":"2025-03-20T09:39:32","guid":{"rendered":"https:\/\/ledenonciateur224.com\/?p=1946"},"modified":"2025-03-20T09:39:32","modified_gmt":"2025-03-20T09:39:32","slug":"la-cedeao-condamne-la-guinee-une-decision-historique-sur-la-violation-des-droits-fondamentaux","status":"publish","type":"post","link":"https:\/\/ledenonciateur224.com\/index.php\/la-cedeao-condamne-la-guinee-une-decision-historique-sur-la-violation-des-droits-fondamentaux\/","title":{"rendered":"La CEDEAO condamne la Guin\u00e9e : Une d\u00e9cision historique sur la violation des droits fondamentaux"},"content":{"rendered":"<p>La Cour de justice de la Communaut\u00e9 \u00e9conomique des \u00c9tats de l&rsquo;Afrique de l&rsquo;Ouest (CEDEAO) a r\u00e9cemment rendu une d\u00e9cision majeure, condamnant l&rsquo;\u00c9tat guin\u00e9en pour la violation des droits fondamentaux de plusieurs de ses citoyens. Cette d\u00e9cision, qui fait suite aux requ\u00eates de neuf victimes issues du Front national pour la d\u00e9fense de la constitution (FNDC), met en lumi\u00e8re les graves atteintes aux libert\u00e9s individuelles et aux principes d\u00e9mocratiques en Guin\u00e9e. Apr\u00e8s un examen approfondi des faits, la Cour a valid\u00e9 la recevabilit\u00e9 des requ\u00eates et a reconnu que l&rsquo;\u00c9tat guin\u00e9en avait viol\u00e9 des droits essentiels, tels que le respect du domicile, la libert\u00e9 individuelle, la libert\u00e9 de r\u00e9union et d\u2019expression, ainsi que le droit \u00e0 un proc\u00e8s \u00e9quitable.<\/p>\n<p>Ces violations, qui t\u00e9moignent d\u2019un contexte pr\u00e9occupant en mati\u00e8re de respect des droits de l\u2019homme en Guin\u00e9e, ont conduit la Cour \u00e0 sanctionner l\u2019\u00c9tat guin\u00e9en de mani\u00e8re significative.<\/p>\n<p>Dans sa d\u00e9cision, la Cour de justice de la CEDEAO a condamn\u00e9 l\u2019\u00c9tat guin\u00e9en \u00e0 verser cinq millions (5 000 000) de francs CFA \u00e0 chacune des neuf victimes en r\u00e9paration du pr\u00e9judice psychologique subi. Il s\u2019agit de : Abdourahamane Sanoh, Badara Aliou Cheikna Kon\u00e9, S\u00e9kou KOUNDOUNO, Ibrahima Diallo, Abdoulaye Oumou Sow, Mamadou Baillo BARRY, Alpha Soumah, Mamadou BAH, Mamadou SANOH<\/p>\n<p>L\u2019\u00c9tat guin\u00e9en a \u00e9galement \u00e9t\u00e9 condamn\u00e9 \u00e0 prendre en charge les frais de la proc\u00e9dure.<\/p>\n<div dir=\"auto\"><ins><\/p>\n<div><\/div>\n<p><\/ins><\/div>\n<p>Cette condamnation marque une avanc\u00e9e significative pour la protection des droits humains en Guin\u00e9e et dans l\u2019espace CEDEAO. Elle rappelle aux \u00c9tats membres l\u2019importance du respect des libert\u00e9s fondamentales et du droit \u00e0 un proc\u00e8s \u00e9quitable.<\/p>\n<p>Elle met \u00e9galement en \u00e9vidence les d\u00e9rives autoritaires et constitue une opportunit\u00e9 pour la Guin\u00e9e d\u2019engager des r\u00e9formes en faveur d\u2019un meilleur respect des droits et libert\u00e9s.<\/p>\n<p>Si l\u2019\u00c9tat guin\u00e9en venait \u00e0 ignorer cette condamnation, cela poserait la question du respect des d\u00e9cisions de la Cour de justice de la CEDEAO et de l\u2019effectivit\u00e9 du cadre juridique r\u00e9gional en mati\u00e8re de protection des droits humains. En revanche, si cette d\u00e9cision est ex\u00e9cut\u00e9e, elle pourrait marquer un tournant vers un \u00c9tat de droit plus fort en Guin\u00e9e.<\/p>\n<p>&nbsp;<\/p>\n<p>Ledenonciateur224.com<\/p>\n","protected":false},"excerpt":{"rendered":"<p>La Cour de justice de la Communaut\u00e9 \u00e9conomique des \u00c9tats de l&rsquo;Afrique de l&rsquo;Ouest (CEDEAO) a r\u00e9cemment rendu une d\u00e9cision majeure, condamnant l&rsquo;\u00c9tat guin\u00e9en pour la violation des droits fondamentaux de plusieurs de ses citoyens. Cette d\u00e9cision, qui fait suite aux requ\u00eates de neuf victimes issues du Front national pour la d\u00e9fense de la constitution [&hellip;]<\/p>\n","protected":false},"author":2,"featured_media":1947,"comment_status":"open","ping_status":"open","sticky":false,"template":"","format":"standard","meta":{"_jetpack_memberships_contains_paid_content":false,"footnotes":"","jetpack_publicize_message":"","jetpack_publicize_feature_enabled":true,"jetpack_social_post_already_shared":true,"jetpack_social_options":{"image_generator_settings":{"template":"highway","default_image_id":0,"font":"","enabled":false},"version":2}},"categories":[30,38,24],"tags":[499,35],"class_list":{"0":"post-1946","1":"post","2":"type-post","3":"status-publish","4":"format-standard","5":"has-post-thumbnail","7":"category-faits-divers","8":"category-international","9":"category-news","10":"tag-justice-de-la-cedeao","11":"tag-guinee"},"jetpack_publicize_connections":[],"jetpack_featured_media_url":"https:\/\/ledenonciateur224.com\/wp-content\/uploads\/2025\/03\/cour-de-justice-cedeao.jpg","jetpack_sharing_enabled":true,"_links":{"self":[{"href":"https:\/\/ledenonciateur224.com\/index.php\/wp-json\/wp\/v2\/posts\/1946","targetHints":{"allow":["GET"]}}],"collection":[{"href":"https:\/\/ledenonciateur224.com\/index.php\/wp-json\/wp\/v2\/posts"}],"about":[{"href":"https:\/\/ledenonciateur224.com\/index.php\/wp-json\/wp\/v2\/types\/post"}],"author":[{"embeddable":true,"href":"https:\/\/ledenonciateur224.com\/index.php\/wp-json\/wp\/v2\/users\/2"}],"replies":[{"embeddable":true,"href":"https:\/\/ledenonciateur224.com\/index.php\/wp-json\/wp\/v2\/comments?post=1946"}],"version-history":[{"count":0,"href":"https:\/\/ledenonciateur224.com\/index.php\/wp-json\/wp\/v2\/posts\/1946\/revisions"}],"wp:featuredmedia":[{"embeddable":true,"href":"https:\/\/ledenonciateur224.com\/index.php\/wp-json\/wp\/v2\/media\/1947"}],"wp:attachment":[{"href":"https:\/\/ledenonciateur224.com\/index.php\/wp-json\/wp\/v2\/media?parent=1946"}],"wp:term":[{"taxonomy":"category","embeddable":true,"href":"https:\/\/ledenonciateur224.com\/index.php\/wp-json\/wp\/v2\/categories?post=1946"},{"taxonomy":"post_tag","embeddable":true,"href":"https:\/\/ledenonciateur224.com\/index.php\/wp-json\/wp\/v2\/tags?post=1946"}],"curies":[{"name":"wp","href":"https:\/\/api.w.org\/{rel}","templated":true}]}}