{"id":1952,"date":"2025-03-21T07:14:36","date_gmt":"2025-03-21T07:14:36","guid":{"rendered":"https:\/\/ledenonciateur224.com\/?p=1952"},"modified":"2025-03-21T07:14:36","modified_gmt":"2025-03-21T07:14:36","slug":"feminicide-a-kankan-la-ministre-de-la-promotion-feminine-denonce-avec-fermete-un-acte-inhumain-et-appelle-a-lunite-contre-la-violence-de-genre","status":"publish","type":"post","link":"https:\/\/ledenonciateur224.com\/index.php\/feminicide-a-kankan-la-ministre-de-la-promotion-feminine-denonce-avec-fermete-un-acte-inhumain-et-appelle-a-lunite-contre-la-violence-de-genre\/","title":{"rendered":"F\u00e9minicide \u00e0 Kankan : La Ministre de la Promotion f\u00e9minine d\u00e9nonce avec fermet\u00e9 un acte inhumain et appelle \u00e0 l&rsquo;unit\u00e9 contre la violence de genre"},"content":{"rendered":"<p>Le minist\u00e8re de la Promotion f\u00e9minine, de l\u2019Enfance et des Personnes vuln\u00e9rables a exprim\u00e9 son horreur et sa consternation suite \u00e0 l&rsquo;acte de f\u00e9minicide tragique survenu ce jeudi matin \u00e0 Kankan. Adama Konat\u00e9 a \u00e9t\u00e9 brutalement tu\u00e9e par son compagnon, Bangaly Traor\u00e9, dans un drame qui a choqu\u00e9 non seulement la ville de Kankan mais toute la Guin\u00e9e.<\/p>\n<p>Dans un communiqu\u00e9 officiel, Madame la Ministre a pr\u00e9sent\u00e9 ses condol\u00e9ances les plus sinc\u00e8res et attrist\u00e9es \u00e0 la famille de la victime. Elle a fermement condamn\u00e9 cet acte odieux de violence bas\u00e9e sur le genre (VBG), soulignant que de tels crimes sont inadmissibles et inacceptables dans une soci\u00e9t\u00e9 qui se veut juste et \u00e9galitaire.<\/p>\n<p>Le minist\u00e8re a r\u00e9it\u00e9r\u00e9 sa d\u00e9termination \u00e0 lutter sans rel\u00e2che contre les violences faites aux femmes et a appel\u00e9 les autorit\u00e9s comp\u00e9tentes \u00e0 prendre toutes les mesures n\u00e9cessaires pour traduire en justice les auteurs de ces actes barbares. La ministre a \u00e9galement insist\u00e9 sur l&rsquo;urgence de renforcer la sensibilisation et l&rsquo;\u00e9ducation au respect des droits des femmes, afin de pr\u00e9venir de telles trag\u00e9dies.<\/p>\n<p>Ce f\u00e9minicide, comme tant d&rsquo;autres, souligne l&rsquo;importance d&rsquo;une mobilisation collective contre les violences de genre. La ministre a appel\u00e9 \u00e0 l&rsquo;unit\u00e9 de tous les citoyens et acteurs de la soci\u00e9t\u00e9 civile dans cette lutte pour un avenir sans violence, o\u00f9 les femmes pourront vivre dans la dignit\u00e9 et la s\u00e9curit\u00e9.<\/p>\n<p>Ledenonciateur224.com<\/p>\n","protected":false},"excerpt":{"rendered":"<p>Le minist\u00e8re de la Promotion f\u00e9minine, de l\u2019Enfance et des Personnes vuln\u00e9rables a exprim\u00e9 son horreur et sa consternation suite \u00e0 l&rsquo;acte de f\u00e9minicide tragique survenu ce jeudi matin \u00e0 Kankan. Adama Konat\u00e9 a \u00e9t\u00e9 brutalement tu\u00e9e par son compagnon, Bangaly Traor\u00e9, dans un drame qui a choqu\u00e9 non seulement la ville de Kankan mais [&hellip;]<\/p>\n","protected":false},"author":2,"featured_media":1953,"comment_status":"open","ping_status":"open","sticky":false,"template":"","format":"standard","meta":{"_jetpack_memberships_contains_paid_content":false,"footnotes":"","jetpack_publicize_message":"","jetpack_publicize_feature_enabled":true,"jetpack_social_post_already_shared":true,"jetpack_social_options":{"image_generator_settings":{"template":"highway","default_image_id":0,"font":"","enabled":false},"version":2}},"categories":[30,24],"tags":[503,502],"class_list":{"0":"post-1952","1":"post","2":"type-post","3":"status-publish","4":"format-standard","5":"has-post-thumbnail","7":"category-faits-divers","8":"category-news","9":"tag-drame","10":"tag-promotion-feminine"},"jetpack_publicize_connections":[],"jetpack_featured_media_url":"https:\/\/ledenonciateur224.com\/wp-content\/uploads\/2025\/03\/1742520336757.jpg","jetpack_sharing_enabled":true,"_links":{"self":[{"href":"https:\/\/ledenonciateur224.com\/index.php\/wp-json\/wp\/v2\/posts\/1952","targetHints":{"allow":["GET"]}}],"collection":[{"href":"https:\/\/ledenonciateur224.com\/index.php\/wp-json\/wp\/v2\/posts"}],"about":[{"href":"https:\/\/ledenonciateur224.com\/index.php\/wp-json\/wp\/v2\/types\/post"}],"author":[{"embeddable":true,"href":"https:\/\/ledenonciateur224.com\/index.php\/wp-json\/wp\/v2\/users\/2"}],"replies":[{"embeddable":true,"href":"https:\/\/ledenonciateur224.com\/index.php\/wp-json\/wp\/v2\/comments?post=1952"}],"version-history":[{"count":0,"href":"https:\/\/ledenonciateur224.com\/index.php\/wp-json\/wp\/v2\/posts\/1952\/revisions"}],"wp:featuredmedia":[{"embeddable":true,"href":"https:\/\/ledenonciateur224.com\/index.php\/wp-json\/wp\/v2\/media\/1953"}],"wp:attachment":[{"href":"https:\/\/ledenonciateur224.com\/index.php\/wp-json\/wp\/v2\/media?parent=1952"}],"wp:term":[{"taxonomy":"category","embeddable":true,"href":"https:\/\/ledenonciateur224.com\/index.php\/wp-json\/wp\/v2\/categories?post=1952"},{"taxonomy":"post_tag","embeddable":true,"href":"https:\/\/ledenonciateur224.com\/index.php\/wp-json\/wp\/v2\/tags?post=1952"}],"curies":[{"name":"wp","href":"https:\/\/api.w.org\/{rel}","templated":true}]}}