{"id":1958,"date":"2025-03-21T08:03:48","date_gmt":"2025-03-21T08:03:48","guid":{"rendered":"https:\/\/ledenonciateur224.com\/?p=1958"},"modified":"2025-03-21T08:03:48","modified_gmt":"2025-03-21T08:03:48","slug":"le-gouvernement-interdit-toute-transaction-fonciere-sur-le-corridor-du-projet-simandou","status":"publish","type":"post","link":"https:\/\/ledenonciateur224.com\/index.php\/le-gouvernement-interdit-toute-transaction-fonciere-sur-le-corridor-du-projet-simandou\/","title":{"rendered":"Le gouvernement interdit toute transaction fonci\u00e8re sur le corridor du projet Simandou"},"content":{"rendered":"<p>Dans un communiqu\u00e9 rendu public jeudi 20 mars 2025, le Ministre de l\u2019Urbanisme, de l\u2019Habitat et de l\u2019Am\u00e9nagement du Territoire, \u00e9galement charg\u00e9 de la R\u00e9cup\u00e9ration des Domaines Spoli\u00e9s de l\u2019\u00c9tat, a annonc\u00e9 une mesure radicale concernant le corridor du projet Simandou. \u00c0 partir de maintenant, toutes les transactions fonci\u00e8res sont interdites sur l&#8217;emprise des voies ferr\u00e9es For\u00e9cariah-K\u00e9rouan\u00e9-Beyla, couvrant une zone d\u2019au moins 15 kilom\u00e8tres de chaque c\u00f4t\u00e9 de la ligne.<\/p>\n<p>\u00ab\u00a0<em>Dans le cadre du Programme de constitution des r\u00e9serves fonci\u00e8res de l\u2019\u00c9tat, le Minist\u00e8re de l\u2019Urbanisme, de l\u2019Habitat et de l\u2019Am\u00e9nagement du Territoire Charg\u00e9 de la R\u00e9cup\u00e9ration des Domaines Spoli\u00e9s de l\u2019\u00c9tat, constate avec regret et amertume les sp\u00e9culations sur le foncier du corridor du projet Simandou couvrant l\u2019axe ferroviaire For\u00e9cariah-K\u00e9rouan\u00e9\u00a0\u00bb,\u00a0<\/em>a point\u00e9 Mory Cond\u00e9, annon\u00e7ant\u00a0 dans la foul\u00e9e, la mise en place de<em>\u00a0\u00ab\u00a0nouvelles mesures visant \u00e0 prot\u00e9ger et \u00e0 valoriser le patrimoine foncier de l\u2019Etat\u00a0\u00bb,\u00a0<\/em>conform\u00e9ment aux dispositions du Code de l\u2019Urbanisme portant constitution des r\u00e9serves fonci\u00e8res au profit de l\u2019\u00c9tat.<\/p>\n<p>Le Ministre de l\u2019Urbanisme pr\u00e9cise que dans le cadre de la mise en \u0153uvre du Programme de d\u00e9veloppement Simandou 2040, \u00ab\u00a0<em>toute transaction fonci\u00e8re est et demeure interdite sur une bande d\u2019au moins 15 kilom\u00e8tres de part et d\u2019autre de l\u2019emprise des voies ferr\u00e9es For\u00e9cariah- K\u00e9rouan\u00e9 \u2013 K\u00e9rouan\u00e9 \u2013 Beyla<\/em>\u00a0\u00bb.<\/p>\n<p>Au-del\u00e0 des emprises de 15 kilom\u00e8tres, l\u2019Etat dispose de r\u00e9serves fonci\u00e8res et naturelles dans la zone du corridor qui ne doivent en aucun cas faire l\u2019objet de sp\u00e9culation et d\u2019occupation, rappelle le communiqu\u00e9. Selon Mory Cond\u00e9, cette mesure vise \u00e0 assurer la disponibilit\u00e9 de domaines pour les futurs projets d\u2019infrastructures et de d\u00e9veloppement.<\/p>\n<p>\u00ab\u00a0<em>Toute transaction fonci\u00e8re effectu\u00e9e en violation de cette interdiction sera nulle et de nul effet, et les contrevenants s\u2019exposeront aux sanctions pr\u00e9vues par la loi<\/em>\u00a0\u00bb, a mis en garde le Ministre de l\u2019Urbanisme, de l\u2019Habitat et de l\u2019Am\u00e9nagement du Territoire Charg\u00e9 de la R\u00e9cup\u00e9ration des Domaines Spoli\u00e9s de l\u2019\u00c9tat.<\/p>\n<p>Mory Cond\u00e9 invite les autorit\u00e9s locales, les professionnels du foncier, ainsi que l\u2019ensemble des citoyens \u00e0 se conformer strictement \u00e0 cette disposition et \u00e0 \u00ab\u00a0<em>collaborer activement \u00e0 la mise en \u0153uvre du Programme de constitution des r\u00e9serves fonci\u00e8res de l\u2019\u00c9tat, garant de la s\u00e9curisation et de l\u2019optimisation du patrimoine foncier\u00a0<\/em>\u00bb.<\/p>\n","protected":false},"excerpt":{"rendered":"<p>Dans un communiqu\u00e9 rendu public jeudi 20 mars 2025, le Ministre de l\u2019Urbanisme, de l\u2019Habitat et de l\u2019Am\u00e9nagement du Territoire, \u00e9galement charg\u00e9 de la R\u00e9cup\u00e9ration des Domaines Spoli\u00e9s de l\u2019\u00c9tat, a annonc\u00e9 une mesure radicale concernant le corridor du projet Simandou. \u00c0 partir de maintenant, toutes les transactions fonci\u00e8res sont interdites sur l&#8217;emprise des voies [&hellip;]<\/p>\n","protected":false},"author":2,"featured_media":1959,"comment_status":"open","ping_status":"open","sticky":false,"template":"","format":"standard","meta":{"_jetpack_memberships_contains_paid_content":false,"footnotes":"","jetpack_publicize_message":"","jetpack_publicize_feature_enabled":true,"jetpack_social_post_already_shared":true,"jetpack_social_options":{"image_generator_settings":{"template":"highway","default_image_id":0,"font":"","enabled":false},"version":2}},"categories":[25,24],"tags":[202,89],"class_list":{"0":"post-1958","1":"post","2":"type-post","3":"status-publish","4":"format-standard","5":"has-post-thumbnail","7":"category-annonce","8":"category-news","9":"tag-habitat","10":"tag-projet-simandou"},"jetpack_publicize_connections":[],"jetpack_featured_media_url":"https:\/\/ledenonciateur224.com\/wp-content\/uploads\/2025\/03\/mory-onde-1-750x375-1.jpg","jetpack_sharing_enabled":true,"_links":{"self":[{"href":"https:\/\/ledenonciateur224.com\/index.php\/wp-json\/wp\/v2\/posts\/1958","targetHints":{"allow":["GET"]}}],"collection":[{"href":"https:\/\/ledenonciateur224.com\/index.php\/wp-json\/wp\/v2\/posts"}],"about":[{"href":"https:\/\/ledenonciateur224.com\/index.php\/wp-json\/wp\/v2\/types\/post"}],"author":[{"embeddable":true,"href":"https:\/\/ledenonciateur224.com\/index.php\/wp-json\/wp\/v2\/users\/2"}],"replies":[{"embeddable":true,"href":"https:\/\/ledenonciateur224.com\/index.php\/wp-json\/wp\/v2\/comments?post=1958"}],"version-history":[{"count":0,"href":"https:\/\/ledenonciateur224.com\/index.php\/wp-json\/wp\/v2\/posts\/1958\/revisions"}],"wp:featuredmedia":[{"embeddable":true,"href":"https:\/\/ledenonciateur224.com\/index.php\/wp-json\/wp\/v2\/media\/1959"}],"wp:attachment":[{"href":"https:\/\/ledenonciateur224.com\/index.php\/wp-json\/wp\/v2\/media?parent=1958"}],"wp:term":[{"taxonomy":"category","embeddable":true,"href":"https:\/\/ledenonciateur224.com\/index.php\/wp-json\/wp\/v2\/categories?post=1958"},{"taxonomy":"post_tag","embeddable":true,"href":"https:\/\/ledenonciateur224.com\/index.php\/wp-json\/wp\/v2\/tags?post=1958"}],"curies":[{"name":"wp","href":"https:\/\/api.w.org\/{rel}","templated":true}]}}