{"id":1969,"date":"2025-03-21T12:55:17","date_gmt":"2025-03-21T12:55:17","guid":{"rendered":"https:\/\/ledenonciateur224.com\/?p=1969"},"modified":"2025-03-21T12:55:17","modified_gmt":"2025-03-21T12:55:17","slug":"le-parquet-special-de-la-crief-devoile-ses-statistiques-bilan-et-perspectives-des-dossiers-dinfractions-economiques-et-financieres","status":"publish","type":"post","link":"https:\/\/ledenonciateur224.com\/index.php\/le-parquet-special-de-la-crief-devoile-ses-statistiques-bilan-et-perspectives-des-dossiers-dinfractions-economiques-et-financieres\/","title":{"rendered":"Le Parquet Sp\u00e9cial de la CRIEF d\u00e9voile ses statistiques : Bilan et perspectives des dossiers d\u2019infractions \u00e9conomiques et financi\u00e8res"},"content":{"rendered":"<div dir=\"auto\">\n<p>Le Parquet Sp\u00e9cial de la Cour de R\u00e9pression des Infractions \u00c9conomiques et Financi\u00e8res (CRIEF) a organis\u00e9 ce vendredi 21 mars 2025, une conf\u00e9rence de presse au si\u00e8ge de l&rsquo;institution. L\u2019occasion pour les responsables de faire un point d\u00e9taill\u00e9 sur l\u2019\u00e9tat d\u2019avancement des dossiers trait\u00e9s, en pr\u00e9sentant un aper\u00e7u des statistiques r\u00e9centes et des classements des affaires en fonction des infractions. Cette rencontre a permis de mieux comprendre l&rsquo;ampleur des enqu\u00eates en cours et de jeter un \u00e9clairage sur les priorit\u00e9s judiciaires dans le cadre de la lutte contre la corruption et les crimes financiers.<\/p>\n<\/div>\n<div dir=\"auto\"><\/div>\n<div dir=\"auto\">\n<p>212 dossiers concernent des infractions \u00e9conomiques et financi\u00e8res (d\u00e9tournement de deniers publics, abus de confiance, abus de fonction, escroquerie, vol, corruption, blanchiment de capitaux, enrichissement illicite, fraude fiscale).<\/p>\n<p>3 dossiers concernent des atteintes \u00e0 la sant\u00e9 publique (produits pharmaceutiques).<\/p>\n<p>3 dossiers concernent des atteintes \u00e0 l\u2019environnement (pollution marine, exportation ill\u00e9gale de bois de veine).<\/p>\n<p>R\u00e9partition des dossiers re\u00e7us par ann\u00e9e :<\/p>\n<p>2022 : 111 dossiers<\/p>\n<p>2023 : 52 dossiers<\/p>\n<p>2024 : 15 dossiers<\/p>\n<p>2025 : 16 dossiers.<\/p>\n<p>Le total des dossiers re\u00e7us par la CRIEF entre le 26 janvier 2022 et le 21 mars 2025 s\u2019\u00e9l\u00e8ve \u00e0 226<\/p>\n<p>26 janvier 2022<\/p>\n<\/div>\n<div dir=\"auto\"><\/div>\n<div dir=\"auto\"><\/div>\n<div dir=\"auto\"><\/div>\n<div dir=\"auto\">\n<p>Le procureur sp\u00e9cial de la Cour de R\u00e9pression des Infractions \u00c9conomiques et Financi\u00e8res a conf\u00e9r\u00e9 ce vendredi 21 mars 2025 avec les hommes de m\u00e9dias. Il \u00e9tait question pour Aly Tour\u00e9 et ses substituts de se prononcer sur l\u2019\u00e9tat d\u2019avancement des dossiers pendants devant son parquet. Dans sa prise de parole, H\u00e9l\u00e8ne Cocker, greffi\u00e8re \u00e0 la CRIEF a r\u00e9v\u00e9l\u00e9 les statistiques g\u00e9n\u00e9rales des dossiers re\u00e7us par la CRIEF entre le 26 janvier 2022 et 21 mars 2025.<\/p>\n<p>Selon elle, le total des dossiers re\u00e7us par la CRIEF entre le 26 janvier 2022 et le 21 mars 2025 s\u2019\u00e9l\u00e8ve \u00e0 226.<\/p>\n<p>Nous vous proposons les statistiques g\u00e9n\u00e9rales des dossiers re\u00e7us par la CRIEF.<\/p>\n<p>82 dossiers sont en attente d\u2019instruction devant la Chambre de l\u2019instruction et la Chambre sp\u00e9ciale de contr\u00f4le de l\u2019instruction.<\/p>\n<p>48 dossiers sont en instance devant la Chambre de jugement et la Chambre des appels.<\/p>\n<p>61 dossiers ont \u00e9t\u00e9 jug\u00e9s, avec des verdicts de relaxe, de non-lieu ou de condamnation.<\/p>\n<p>Parmi les dossiers jug\u00e9s, 15 ont \u00e9t\u00e9 port\u00e9s devant la Cour supr\u00eame.<\/p>\n<p>35 dossiers ont \u00e9t\u00e9 class\u00e9s sans suite.<\/p>\n<p>La situation des personnes mises en cause se pr\u00e9sente comme suit :<\/p>\n<p>507 hommes et 64 femmes sont poursuivis, ainsi que 112 personnes morales, pour un total de 683 personnes.<\/p>\n<p>102 hommes, 22 femmes et 17 personnes morales ont \u00e9t\u00e9 d\u00e9finitivement relax\u00e9s, ont b\u00e9n\u00e9fici\u00e9 d\u2019un non-lieu ou d\u2019un classement sans suite, pour un total de 141 personnes.<\/p>\n<p>61 hommes et 1 femme ont \u00e9t\u00e9 condamn\u00e9s, pour un total de 62 personnes.<\/p>\n<p>22 personnes sont en d\u00e9tention, dont 5 devant la Chambre de jugement et la Chambre des appels, et 17 devant la Chambre de l\u2019instruction et la Chambre de contr\u00f4le de l\u2019instruction.<\/p>\n<\/div>\n<p>&nbsp;<\/p>\n<p>Aboubacar Moussa Camara<\/p>\n<p>622 42 41 87<\/p>\n","protected":false},"excerpt":{"rendered":"<p>Le Parquet Sp\u00e9cial de la Cour de R\u00e9pression des Infractions \u00c9conomiques et Financi\u00e8res (CRIEF) a organis\u00e9 ce vendredi 21 mars 2025, une conf\u00e9rence de presse au si\u00e8ge de l&rsquo;institution. L\u2019occasion pour les responsables de faire un point d\u00e9taill\u00e9 sur l\u2019\u00e9tat d\u2019avancement des dossiers trait\u00e9s, en pr\u00e9sentant un aper\u00e7u des statistiques r\u00e9centes et des classements des [&hellip;]<\/p>\n","protected":false},"author":2,"featured_media":1970,"comment_status":"open","ping_status":"open","sticky":false,"template":"","format":"standard","meta":{"_jetpack_memberships_contains_paid_content":false,"footnotes":"","jetpack_publicize_message":"","jetpack_publicize_feature_enabled":true,"jetpack_social_post_already_shared":true,"jetpack_social_options":{"image_generator_settings":{"template":"highway","default_image_id":0,"font":"","enabled":false},"version":2}},"categories":[30,24],"tags":[508,37,61],"class_list":{"0":"post-1969","1":"post","2":"type-post","3":"status-publish","4":"format-standard","5":"has-post-thumbnail","7":"category-faits-divers","8":"category-news","9":"tag-les-dossiers-de-la-crief","10":"tag-crief","11":"tag-detournement"},"jetpack_publicize_connections":[],"jetpack_featured_media_url":"https:\/\/ledenonciateur224.com\/wp-content\/uploads\/2025\/03\/img-20250321-wa0182.jpg","jetpack_sharing_enabled":true,"_links":{"self":[{"href":"https:\/\/ledenonciateur224.com\/index.php\/wp-json\/wp\/v2\/posts\/1969","targetHints":{"allow":["GET"]}}],"collection":[{"href":"https:\/\/ledenonciateur224.com\/index.php\/wp-json\/wp\/v2\/posts"}],"about":[{"href":"https:\/\/ledenonciateur224.com\/index.php\/wp-json\/wp\/v2\/types\/post"}],"author":[{"embeddable":true,"href":"https:\/\/ledenonciateur224.com\/index.php\/wp-json\/wp\/v2\/users\/2"}],"replies":[{"embeddable":true,"href":"https:\/\/ledenonciateur224.com\/index.php\/wp-json\/wp\/v2\/comments?post=1969"}],"version-history":[{"count":0,"href":"https:\/\/ledenonciateur224.com\/index.php\/wp-json\/wp\/v2\/posts\/1969\/revisions"}],"wp:featuredmedia":[{"embeddable":true,"href":"https:\/\/ledenonciateur224.com\/index.php\/wp-json\/wp\/v2\/media\/1970"}],"wp:attachment":[{"href":"https:\/\/ledenonciateur224.com\/index.php\/wp-json\/wp\/v2\/media?parent=1969"}],"wp:term":[{"taxonomy":"category","embeddable":true,"href":"https:\/\/ledenonciateur224.com\/index.php\/wp-json\/wp\/v2\/categories?post=1969"},{"taxonomy":"post_tag","embeddable":true,"href":"https:\/\/ledenonciateur224.com\/index.php\/wp-json\/wp\/v2\/tags?post=1969"}],"curies":[{"name":"wp","href":"https:\/\/api.w.org\/{rel}","templated":true}]}}