{"id":1991,"date":"2025-03-21T21:52:04","date_gmt":"2025-03-21T21:52:04","guid":{"rendered":"https:\/\/ledenonciateur224.com\/?p=1991"},"modified":"2025-03-21T21:52:04","modified_gmt":"2025-03-21T21:52:04","slug":"reconnaissance-et-soutien-des-jeunes-cadres-a-legard-du-president-de-la-transition-general-mamadi-doumbouya","status":"publish","type":"post","link":"https:\/\/ledenonciateur224.com\/index.php\/reconnaissance-et-soutien-des-jeunes-cadres-a-legard-du-president-de-la-transition-general-mamadi-doumbouya\/","title":{"rendered":"Reconnaissance et soutien des jeunes cadres \u00e0 l\u2019\u00e9gard du Pr\u00e9sident de la Transition, G\u00e9n\u00e9ral Mamadi Doumbouya"},"content":{"rendered":"<div dir=\"auto\">\n<div dir=\"auto\">\n<p>Le vendredi 21 mars 2025, les jeunes cadres de Guin\u00e9e ont organis\u00e9 une c\u00e9r\u00e9monie sp\u00e9ciale \u00e0 la grande Mosqu\u00e9e Fay\u00e7al de Conakry pour t\u00e9moigner leur gratitude au Pr\u00e9sident de la Transition, le G\u00e9n\u00e9ral Mamadi Doumbouya, pour ses efforts en faveur de l&rsquo;am\u00e9lioration des conditions de vie et de travail des fonctionnaires guin\u00e9ens. Cette c\u00e9r\u00e9monie a consist\u00e9 en une lecture du Saint Coran et des sacrifices, accompagn\u00e9s de pri\u00e8res pour la mis\u00e9ricorde de Dieu sur le peuple guin\u00e9en et ses dirigeants.<\/p>\n<p><img loading=\"lazy\" decoding=\"async\" class=\"alignnone size-full wp-image-1992\" src=\"https:\/\/ledenonciateur224.com\/wp-content\/uploads\/2025\/03\/img-20250321-wa0238.jpg\" alt=\"\" width=\"1280\" height=\"720\" srcset=\"https:\/\/ledenonciateur224.com\/wp-content\/uploads\/2025\/03\/img-20250321-wa0238.jpg 1280w, https:\/\/ledenonciateur224.com\/wp-content\/uploads\/2025\/03\/img-20250321-wa0238-300x169.jpg 300w, https:\/\/ledenonciateur224.com\/wp-content\/uploads\/2025\/03\/img-20250321-wa0238-1024x576.jpg 1024w, https:\/\/ledenonciateur224.com\/wp-content\/uploads\/2025\/03\/img-20250321-wa0238-768x432.jpg 768w, https:\/\/ledenonciateur224.com\/wp-content\/uploads\/2025\/03\/img-20250321-wa0238-150x84.jpg 150w, https:\/\/ledenonciateur224.com\/wp-content\/uploads\/2025\/03\/img-20250321-wa0238-696x392.jpg 696w, https:\/\/ledenonciateur224.com\/wp-content\/uploads\/2025\/03\/img-20250321-wa0238-1068x601.jpg 1068w, https:\/\/ledenonciateur224.com\/wp-content\/uploads\/2025\/03\/img-20250321-wa0238-747x420.jpg 747w\" sizes=\"auto, (max-width: 1280px) 100vw, 1280px\" \/><\/p>\n<p>Aboubacar Sidiki Nab\u00e9, Coordinateur du projet \u00ab Rajeunir et f\u00e9miniser l\u2019administration publique \u00bb, a expliqu\u00e9 que cet \u00e9v\u00e9nement visait \u00e0 rendre hommage aux actions du CNRD, notamment le rajeunissement et la f\u00e9minisation de l\u2019administration publique. \u00ab Comme vous le savez, la reconnaissance est divine. Aujourd\u2019hui, avec l\u2019av\u00e8nement du CNRD, nous voyons le rajeunissement et la f\u00e9minisation de l\u2019administration publique. C\u2019est pourquoi nous avons organis\u00e9 cette lecture du Saint-Coran et des sacrifices pour que Dieu r\u00e9pande sa mis\u00e9ricorde sur tout le peuple de Guin\u00e9e et \u00e0 sa t\u00eate le G\u00e9n\u00e9ral Mamadi Doumbouya \u00bb, a-t-il affirm\u00e9. Il a \u00e9galement rappel\u00e9 les r\u00e9centes augmentations salariales et les recrutements massifs dans la fonction publique.<\/p>\n<p><img loading=\"lazy\" decoding=\"async\" class=\"alignnone size-full wp-image-1993\" src=\"https:\/\/ledenonciateur224.com\/wp-content\/uploads\/2025\/03\/img-20250321-wa0271.jpg\" alt=\"\" width=\"1280\" height=\"720\" srcset=\"https:\/\/ledenonciateur224.com\/wp-content\/uploads\/2025\/03\/img-20250321-wa0271.jpg 1280w, https:\/\/ledenonciateur224.com\/wp-content\/uploads\/2025\/03\/img-20250321-wa0271-300x169.jpg 300w, https:\/\/ledenonciateur224.com\/wp-content\/uploads\/2025\/03\/img-20250321-wa0271-1024x576.jpg 1024w, https:\/\/ledenonciateur224.com\/wp-content\/uploads\/2025\/03\/img-20250321-wa0271-768x432.jpg 768w, https:\/\/ledenonciateur224.com\/wp-content\/uploads\/2025\/03\/img-20250321-wa0271-150x84.jpg 150w, https:\/\/ledenonciateur224.com\/wp-content\/uploads\/2025\/03\/img-20250321-wa0271-696x392.jpg 696w, https:\/\/ledenonciateur224.com\/wp-content\/uploads\/2025\/03\/img-20250321-wa0271-1068x601.jpg 1068w, https:\/\/ledenonciateur224.com\/wp-content\/uploads\/2025\/03\/img-20250321-wa0271-747x420.jpg 747w\" sizes=\"auto, (max-width: 1280px) 100vw, 1280px\" \/><\/p>\n<p>Aboubacar Sidiki Nab\u00e9 a lanc\u00e9 un appel \u00e0 la paix et \u00e0 l&rsquo;unit\u00e9 :<\/p>\n<p>\u00ab Nous lan\u00e7ons un appel solennel au peuple de Guin\u00e9e de pr\u00f4ner le vivre ensemble. Unis, nous sommes forts, un peuple divis\u00e9, c\u2019est un peuple qui est vou\u00e9 \u00e0 l\u2019\u00e9chec et au sous-d\u00e9veloppement. Nous devons cultiver la paix pour le bien-\u00eatre non seulement de nous, mais aussi des g\u00e9n\u00e9rations futures. Sans paix, pas de d\u00e9veloppement \u00bb, a-t-il soulign\u00e9.<\/p>\n<p><img loading=\"lazy\" decoding=\"async\" class=\"alignnone size-full wp-image-1994\" src=\"https:\/\/ledenonciateur224.com\/wp-content\/uploads\/2025\/03\/img-20250321-wa0239.jpg\" alt=\"\" width=\"1280\" height=\"720\" srcset=\"https:\/\/ledenonciateur224.com\/wp-content\/uploads\/2025\/03\/img-20250321-wa0239.jpg 1280w, https:\/\/ledenonciateur224.com\/wp-content\/uploads\/2025\/03\/img-20250321-wa0239-300x169.jpg 300w, https:\/\/ledenonciateur224.com\/wp-content\/uploads\/2025\/03\/img-20250321-wa0239-1024x576.jpg 1024w, https:\/\/ledenonciateur224.com\/wp-content\/uploads\/2025\/03\/img-20250321-wa0239-768x432.jpg 768w, https:\/\/ledenonciateur224.com\/wp-content\/uploads\/2025\/03\/img-20250321-wa0239-150x84.jpg 150w, https:\/\/ledenonciateur224.com\/wp-content\/uploads\/2025\/03\/img-20250321-wa0239-696x392.jpg 696w, https:\/\/ledenonciateur224.com\/wp-content\/uploads\/2025\/03\/img-20250321-wa0239-1068x601.jpg 1068w, https:\/\/ledenonciateur224.com\/wp-content\/uploads\/2025\/03\/img-20250321-wa0239-747x420.jpg 747w\" sizes=\"auto, (max-width: 1280px) 100vw, 1280px\" \/><\/p>\n<p>Zenabou Sow, cheffe de la section statistique du minist\u00e8re de l\u2019enseignement pr\u00e9universitaire et de l\u2019alphab\u00e9tisation, a \u00e9galement exprim\u00e9 son soutien aux actions du pr\u00e9sident Doumbouya.<\/p>\n<p>\u00ab Le message que j\u2019ai \u00e0 lancer \u00e0 l\u2019endroit du peuple de Guin\u00e9e, c\u2019est d\u2019inviter tout le monde \u00e0 soutenir les id\u00e9aux du chef de l\u2019\u00c9tat qui, depuis sa venue au pouvoir, pense \u00e0 l\u2019am\u00e9lioration des conditions de vie de la population, notamment les fonctionnaires. Nous avons constat\u00e9 qu\u2019il y a eu vraiment beaucoup d\u2019am\u00e9liorations. Il y a eu aussi la promotion des jeunes cadres au sommet de l\u2019administration \u00bb, a-t-elle d\u00e9clar\u00e9.<\/p>\n<p>Elle a conclu en exprimant son souhait que le peuple de Guin\u00e9e continue de soutenir les actions du pr\u00e9sident et a pri\u00e9 pour son succ\u00e8s dans sa mission.<\/p>\n<p>Cette c\u00e9r\u00e9monie a ainsi \u00e9t\u00e9 un moment de remerciements et de soutien aux efforts du pr\u00e9sident Doumbouya pour le d\u00e9veloppement du pays et le bien-\u00eatre des citoyens, en particulier des jeunes et des fonctionnaires.<\/p>\n<\/div>\n<\/div>\n<div dir=\"auto\"><\/div>\n<div dir=\"auto\">Aboubacar Moussa Camara<\/div>\n<div dir=\"auto\"><\/div>\n<div dir=\"auto\">\u00a0622 42 41 87<\/div>\n","protected":false},"excerpt":{"rendered":"<p>Le vendredi 21 mars 2025, les jeunes cadres de Guin\u00e9e ont organis\u00e9 une c\u00e9r\u00e9monie sp\u00e9ciale \u00e0 la grande Mosqu\u00e9e Fay\u00e7al de Conakry pour t\u00e9moigner leur gratitude au Pr\u00e9sident de la Transition, le G\u00e9n\u00e9ral Mamadi Doumbouya, pour ses efforts en faveur de l&rsquo;am\u00e9lioration des conditions de vie et de travail des fonctionnaires guin\u00e9ens. Cette c\u00e9r\u00e9monie a [&hellip;]<\/p>\n","protected":false},"author":2,"featured_media":1995,"comment_status":"open","ping_status":"open","sticky":false,"template":"","format":"standard","meta":{"_jetpack_memberships_contains_paid_content":false,"footnotes":"","jetpack_publicize_message":"","jetpack_publicize_feature_enabled":true,"jetpack_social_post_already_shared":true,"jetpack_social_options":{"image_generator_settings":{"template":"highway","default_image_id":0,"font":"","enabled":false},"version":2}},"categories":[30,24],"tags":[513,514,35],"class_list":{"0":"post-1991","1":"post","2":"type-post","3":"status-publish","4":"format-standard","5":"has-post-thumbnail","7":"category-faits-divers","8":"category-news","9":"tag-lecture-du-saint-coran","10":"tag-paix-et-lunite-nationale","11":"tag-guinee"},"jetpack_publicize_connections":[],"jetpack_featured_media_url":"https:\/\/ledenonciateur224.com\/wp-content\/uploads\/2025\/03\/img-20250321-wa0240.jpg","jetpack_sharing_enabled":true,"_links":{"self":[{"href":"https:\/\/ledenonciateur224.com\/index.php\/wp-json\/wp\/v2\/posts\/1991","targetHints":{"allow":["GET"]}}],"collection":[{"href":"https:\/\/ledenonciateur224.com\/index.php\/wp-json\/wp\/v2\/posts"}],"about":[{"href":"https:\/\/ledenonciateur224.com\/index.php\/wp-json\/wp\/v2\/types\/post"}],"author":[{"embeddable":true,"href":"https:\/\/ledenonciateur224.com\/index.php\/wp-json\/wp\/v2\/users\/2"}],"replies":[{"embeddable":true,"href":"https:\/\/ledenonciateur224.com\/index.php\/wp-json\/wp\/v2\/comments?post=1991"}],"version-history":[{"count":0,"href":"https:\/\/ledenonciateur224.com\/index.php\/wp-json\/wp\/v2\/posts\/1991\/revisions"}],"wp:featuredmedia":[{"embeddable":true,"href":"https:\/\/ledenonciateur224.com\/index.php\/wp-json\/wp\/v2\/media\/1995"}],"wp:attachment":[{"href":"https:\/\/ledenonciateur224.com\/index.php\/wp-json\/wp\/v2\/media?parent=1991"}],"wp:term":[{"taxonomy":"category","embeddable":true,"href":"https:\/\/ledenonciateur224.com\/index.php\/wp-json\/wp\/v2\/categories?post=1991"},{"taxonomy":"post_tag","embeddable":true,"href":"https:\/\/ledenonciateur224.com\/index.php\/wp-json\/wp\/v2\/tags?post=1991"}],"curies":[{"name":"wp","href":"https:\/\/api.w.org\/{rel}","templated":true}]}}