{"id":1997,"date":"2025-03-22T03:10:28","date_gmt":"2025-03-22T03:10:28","guid":{"rendered":"https:\/\/ledenonciateur224.com\/?p=1997"},"modified":"2025-03-22T03:10:28","modified_gmt":"2025-03-22T03:10:28","slug":"report-du-congres-de-lufdg-une-decision-judiciaire-impose-une-nouvelle-date","status":"publish","type":"post","link":"https:\/\/ledenonciateur224.com\/index.php\/report-du-congres-de-lufdg-une-decision-judiciaire-impose-une-nouvelle-date\/","title":{"rendered":"Report du Congr\u00e8s de l&rsquo;UFDG : Une d\u00e9cision judiciaire impose une nouvelle date"},"content":{"rendered":"<p>Le congr\u00e8s national extraordinaire du parti Union des Forces D\u00e9mocratiques de Guin\u00e9e (UFDG), pr\u00e9vu initialement pour les 19 et 20 avril 2025, a \u00e9t\u00e9 report\u00e9 \u00e0 une date ult\u00e9rieure en raison de motifs judiciaires. Cette d\u00e9cision fait suite \u00e0 une ordonnance du Tribunal de Premi\u00e8re Instance de Dixinn, rendue le 28 f\u00e9vrier dernier. Le tribunal a enjoint le parti \u00e0 \u00ab\u00a0<em>surseoir \u00e0 tout congr\u00e8s concernant les \u00e9lections des membres du Bureau ex\u00e9cutif et le renouvellement des comit\u00e9s de base, des sections, des f\u00e9d\u00e9rations, du conseil politique, ainsi que de la pr\u00e9sidence du Parti<\/em>\u00a0\u00bb, jusqu&rsquo;\u00e0 ce qu\u2019une d\u00e9cision soit prise sur le fond.<\/p>\n<p>Selon la note sign\u00e9e par le vice-pr\u00e9sident du parti, Dr Fod\u00e9 Oussou Fofana, le tribunal a renvoy\u00e9 l&rsquo;examen du dossier au 9 mai 2025. Ce report s&rsquo;inscrit dans un contexte o\u00f9 le minist\u00e8re de l&rsquo;Administration du Territoire et de la D\u00e9centralisation surveille de pr\u00e8s les activit\u00e9s de l&rsquo;UFDG, et ce dernier dispose d\u2019un d\u00e9lai de 45 jours pour se conformer aux exigences administratives suite \u00e0 une \u00e9valuation des partis politiques.<\/p>\n<p>Dans sa circulaire, l&rsquo;UFDG a pr\u00e9cis\u00e9 qu&rsquo;apr\u00e8s la d\u00e9cision du tribunal, la Direction Nationale du parti finalisera le programme de renouvellement des instances f\u00e9d\u00e9rales et fixera une nouvelle date pour le congr\u00e8s.<\/p>\n<p>&nbsp;<\/p>\n<p>En somme, bien que l&rsquo;UFDG soit contraint de reporter son congr\u00e8s, le parti reste engag\u00e9 dans le respect des proc\u00e9dures l\u00e9gales et continuera d&rsquo;ajuster ses plans en fonction de l&rsquo;\u00e9volution des d\u00e9cisions judiciaires et administratives.<\/p>\n<p>&nbsp;<\/p>\n<p>N&rsquo;sira Sylla<\/p>\n","protected":false},"excerpt":{"rendered":"<p>Le congr\u00e8s national extraordinaire du parti Union des Forces D\u00e9mocratiques de Guin\u00e9e (UFDG), pr\u00e9vu initialement pour les 19 et 20 avril 2025, a \u00e9t\u00e9 report\u00e9 \u00e0 une date ult\u00e9rieure en raison de motifs judiciaires. Cette d\u00e9cision fait suite \u00e0 une ordonnance du Tribunal de Premi\u00e8re Instance de Dixinn, rendue le 28 f\u00e9vrier dernier. Le tribunal [&hellip;]<\/p>\n","protected":false},"author":2,"featured_media":1998,"comment_status":"open","ping_status":"open","sticky":false,"template":"","format":"standard","meta":{"_jetpack_memberships_contains_paid_content":false,"footnotes":"","jetpack_publicize_message":"","jetpack_publicize_feature_enabled":true,"jetpack_social_post_already_shared":true,"jetpack_social_options":{"image_generator_settings":{"template":"highway","default_image_id":0,"font":"","enabled":false},"version":2}},"categories":[24,27],"tags":[465,64,35,65],"class_list":{"0":"post-1997","1":"post","2":"type-post","3":"status-publish","4":"format-standard","5":"has-post-thumbnail","7":"category-news","8":"category-politique","9":"tag-congres","10":"tag-cellou-dalein-diallo","11":"tag-guinee","12":"tag-ufdg"},"jetpack_publicize_connections":[],"jetpack_featured_media_url":"https:\/\/ledenonciateur224.com\/wp-content\/uploads\/2025\/03\/fode-doussou-e-cdd.jpeg","jetpack_sharing_enabled":true,"_links":{"self":[{"href":"https:\/\/ledenonciateur224.com\/index.php\/wp-json\/wp\/v2\/posts\/1997","targetHints":{"allow":["GET"]}}],"collection":[{"href":"https:\/\/ledenonciateur224.com\/index.php\/wp-json\/wp\/v2\/posts"}],"about":[{"href":"https:\/\/ledenonciateur224.com\/index.php\/wp-json\/wp\/v2\/types\/post"}],"author":[{"embeddable":true,"href":"https:\/\/ledenonciateur224.com\/index.php\/wp-json\/wp\/v2\/users\/2"}],"replies":[{"embeddable":true,"href":"https:\/\/ledenonciateur224.com\/index.php\/wp-json\/wp\/v2\/comments?post=1997"}],"version-history":[{"count":0,"href":"https:\/\/ledenonciateur224.com\/index.php\/wp-json\/wp\/v2\/posts\/1997\/revisions"}],"wp:featuredmedia":[{"embeddable":true,"href":"https:\/\/ledenonciateur224.com\/index.php\/wp-json\/wp\/v2\/media\/1998"}],"wp:attachment":[{"href":"https:\/\/ledenonciateur224.com\/index.php\/wp-json\/wp\/v2\/media?parent=1997"}],"wp:term":[{"taxonomy":"category","embeddable":true,"href":"https:\/\/ledenonciateur224.com\/index.php\/wp-json\/wp\/v2\/categories?post=1997"},{"taxonomy":"post_tag","embeddable":true,"href":"https:\/\/ledenonciateur224.com\/index.php\/wp-json\/wp\/v2\/tags?post=1997"}],"curies":[{"name":"wp","href":"https:\/\/api.w.org\/{rel}","templated":true}]}}