{"id":2009,"date":"2025-03-23T11:05:45","date_gmt":"2025-03-23T11:05:45","guid":{"rendered":"https:\/\/ledenonciateur224.com\/?p=2009"},"modified":"2025-03-23T11:05:45","modified_gmt":"2025-03-23T11:05:45","slug":"lufr-de-sidya-toure-vers-un-congres-decisif-pour-le-renouveau-et-des-doutes-sur-un-agenda-cache","status":"publish","type":"post","link":"https:\/\/ledenonciateur224.com\/index.php\/lufr-de-sidya-toure-vers-un-congres-decisif-pour-le-renouveau-et-des-doutes-sur-un-agenda-cache\/","title":{"rendered":"L&rsquo;UFR de Sidya Tour\u00e9 : Vers un congr\u00e8s d\u00e9cisif pour le renouveau et des doutes sur un agenda cach\u00e9"},"content":{"rendered":"<p>Suspendu pour une dur\u00e9e de trois mois, l&rsquo;Union des Forces R\u00e9publicaines (UFR), dirig\u00e9e par l&rsquo;ancien Premier ministre Sidya Tour\u00e9, pr\u00e9pare activement son congr\u00e8s national, pr\u00e9vu apr\u00e8s le mois de Ramadan, afin de renouveler ses instances. Cette r\u00e9union cruciale a pour objectif de r\u00e9organiser le parti et de renforcer ses structures, conform\u00e9ment \u00e0 un d\u00e9lai de 90 jours impos\u00e9 par les autorit\u00e9s.<\/p>\n<p>Selon Mouctar Khalissa, secr\u00e9taire national des jeunes r\u00e9publicains de l&rsquo;UFR, le congr\u00e8s permettra de r\u00e9\u00e9lire Sidya Tour\u00e9 en tant que leader du parti, qu&rsquo;il d\u00e9signe comme \u00ab\u00a0l&rsquo;homme du consensus national et de d\u00e9veloppement de la Guin\u00e9e.\u00a0\u00bb Cependant, au-del\u00e0 de ce processus interne, des suspicions planent sur les intentions des autorit\u00e9s guin\u00e9ennes, que le parti suspecte d\u2019avoir un agenda cach\u00e9 visant \u00e0 le marginaliser d\u00e9finitivement de la sc\u00e8ne politique.<\/p>\n<p>Le porte-parole de l&rsquo;UFR souligne qu&rsquo;apr\u00e8s avoir corrig\u00e9 toutes les irr\u00e9gularit\u00e9s qui lui ont \u00e9t\u00e9 reproch\u00e9es, le parti reste vigilant face \u00e0 d\u2019\u00e9ventuelles nouvelles exigences impos\u00e9es pour entraver sa r\u00e9gularisation.<\/p>\n<p>Cette situation, selon lui, pourrait r\u00e9v\u00e9ler un complot sous-jacent, \u00e0 mesure que de nouvelles accusations pourraient appara\u00eetre \u00e0 mesure que l&rsquo;UFR comble les lacunes signal\u00e9es par les autorit\u00e9s.<\/p>\n<p>&nbsp;<\/p>\n<p>L&rsquo;UFR se pr\u00e9pare \u00e0 un congr\u00e8s d\u00e9cisif, mais garde un \u0153il sur les man\u0153uvres politiques \u00e0 venir.<\/p>\n<p>Ledenonciateur224.com<\/p>\n","protected":false},"excerpt":{"rendered":"<p>Suspendu pour une dur\u00e9e de trois mois, l&rsquo;Union des Forces R\u00e9publicaines (UFR), dirig\u00e9e par l&rsquo;ancien Premier ministre Sidya Tour\u00e9, pr\u00e9pare activement son congr\u00e8s national, pr\u00e9vu apr\u00e8s le mois de Ramadan, afin de renouveler ses instances. Cette r\u00e9union cruciale a pour objectif de r\u00e9organiser le parti et de renforcer ses structures, conform\u00e9ment \u00e0 un d\u00e9lai de [&hellip;]<\/p>\n","protected":false},"author":2,"featured_media":2010,"comment_status":"open","ping_status":"open","sticky":false,"template":"","format":"standard","meta":{"_jetpack_memberships_contains_paid_content":false,"footnotes":"","jetpack_publicize_message":"","jetpack_publicize_feature_enabled":true,"jetpack_social_post_already_shared":true,"jetpack_social_options":{"image_generator_settings":{"template":"highway","default_image_id":0,"font":"","enabled":false},"version":2}},"categories":[24,27],"tags":[516,35,170],"class_list":{"0":"post-2009","1":"post","2":"type-post","3":"status-publish","4":"format-standard","5":"has-post-thumbnail","7":"category-news","8":"category-politique","9":"tag-congres-lufr","10":"tag-guinee","11":"tag-sidya-toure"},"jetpack_publicize_connections":[],"jetpack_featured_media_url":"https:\/\/ledenonciateur224.com\/wp-content\/uploads\/2025\/03\/fb-img-1660130845444.jpg","jetpack_sharing_enabled":true,"_links":{"self":[{"href":"https:\/\/ledenonciateur224.com\/index.php\/wp-json\/wp\/v2\/posts\/2009","targetHints":{"allow":["GET"]}}],"collection":[{"href":"https:\/\/ledenonciateur224.com\/index.php\/wp-json\/wp\/v2\/posts"}],"about":[{"href":"https:\/\/ledenonciateur224.com\/index.php\/wp-json\/wp\/v2\/types\/post"}],"author":[{"embeddable":true,"href":"https:\/\/ledenonciateur224.com\/index.php\/wp-json\/wp\/v2\/users\/2"}],"replies":[{"embeddable":true,"href":"https:\/\/ledenonciateur224.com\/index.php\/wp-json\/wp\/v2\/comments?post=2009"}],"version-history":[{"count":0,"href":"https:\/\/ledenonciateur224.com\/index.php\/wp-json\/wp\/v2\/posts\/2009\/revisions"}],"wp:featuredmedia":[{"embeddable":true,"href":"https:\/\/ledenonciateur224.com\/index.php\/wp-json\/wp\/v2\/media\/2010"}],"wp:attachment":[{"href":"https:\/\/ledenonciateur224.com\/index.php\/wp-json\/wp\/v2\/media?parent=2009"}],"wp:term":[{"taxonomy":"category","embeddable":true,"href":"https:\/\/ledenonciateur224.com\/index.php\/wp-json\/wp\/v2\/categories?post=2009"},{"taxonomy":"post_tag","embeddable":true,"href":"https:\/\/ledenonciateur224.com\/index.php\/wp-json\/wp\/v2\/tags?post=2009"}],"curies":[{"name":"wp","href":"https:\/\/api.w.org\/{rel}","templated":true}]}}