{"id":2013,"date":"2025-03-24T13:15:37","date_gmt":"2025-03-24T13:15:37","guid":{"rendered":"https:\/\/ledenonciateur224.com\/?p=2013"},"modified":"2025-03-24T13:25:28","modified_gmt":"2025-03-24T13:25:28","slug":"tierno-monenembo-face-a-ousmane-gaoual-diallo-une-plume-au-service-de-lengagement-ou-du-dmdebat-personnel","status":"publish","type":"post","link":"https:\/\/ledenonciateur224.com\/index.php\/tierno-monenembo-face-a-ousmane-gaoual-diallo-une-plume-au-service-de-lengagement-ou-du-dmdebat-personnel\/","title":{"rendered":"Tierno Monenembo face \u00e0 Ousmane Gaoual Diallo : Une plume au service de l&rsquo;engagement ou du d\u00e9bat personnel ?"},"content":{"rendered":"<p>Tierno Monenembo, \u00e9crivain engag\u00e9 et critique acerbe, est une figure incontournable de la litt\u00e9rature contemporaine. Depuis plusieurs d\u00e9cennies, il utilise sa plume pour d\u00e9noncer les injustices et exprimer ses prises de position sur les grandes questions sociopolitiques. Pourtant, l\u2019actuel porte-parole du gouvernement, Ousmane Gaoual Diallo, semble avoir un avis diff\u00e9rent sur la fonction de l\u2019\u00e9crivain. Dans un post publi\u00e9 sur les r\u00e9seaux sociaux, il d\u00e9fend l\u2019id\u00e9e que la plume ne doit pas se perdre dans des querelles personnelles mais plut\u00f4t servir \u00e0 des d\u00e9bats plus profonds et constructifs pour la soci\u00e9t\u00e9. Un clash d\u2019opinions qui interroge le r\u00f4le de la litt\u00e9rature dans un contexte politique tendu.<\/p>\n<p><em>\u00ab On a lu, on a vu, et surtout: on a entendu. Quand un \u00e9crivain prend la plume, les mots d\u00e9passent souvent la personne. Ils touchent \u00e0 l\u2019histoire, \u00e0 la m\u00e9moire, \u00e0 la douleur collective. Ils r\u00e9veillent, parfois blessent, souvent divisent. Ce n\u2019est pas nouveau : la critique intellectuelle est un pilier de toute soci\u00e9t\u00e9 vivante. Elle interroge, elle d\u00e9range, et parfois elle simplifie. Mais elle ne dit pas tout \u00bb<\/em>, rappelle le porte-parole du gouvernement<\/p>\n<p>Pour Ousmane Gaoual Diallo, la Guin\u00e9e n\u2019est pas un bloc fig\u00e9 dans ses blessures. Selon lui, elle est aussi faite d\u2019efforts silencieux, de luttes pour l\u2019\u00e9quilibre, de m\u00e9moire qu\u2019on construit au lieu de subir. Ce pays a connu la verticalit\u00e9 du pouvoir, oui. Mais il conna\u00eet aussi aujourd\u2019hui les lignes de rupture, de dialogue, de r\u00e9invention, a-t-il affirm\u00e9.<\/p>\n<div dir=\"auto\">\n<div>\n<div>\n<p>&nbsp;<\/p>\n<div><\/div>\n<p>&nbsp;<\/p>\n<\/div>\n<\/div>\n<\/div>\n<p><em>\u00ab Certains choisissent la radicalit\u00e9 des mots,<\/em>\u00a0<em>d\u2019autres prennent le risque de faire, d\u2019agir, de tenir les institutions, malgr\u00e9 les contradictions. La Guin\u00e9e a besoin des deux \u00e0 condition que l\u2019exigence ne devienne pas m\u00e9pris, et que la lucidit\u00e9 n\u2019efface pas le r\u00e9el. La responsabilit\u00e9 n\u2019est pas seulement dans les livres. Elle est dans les choix quotidiens, dans les voix qu\u2019on \u00e9coute aussi, y compris quand elles d\u00e9rangent \u00bb<\/em>, interpelle le ministre des transports.<\/p>\n<p>Par ailleurs, entre r\u00e9pondre \u00e0 une personne ou r\u00e9pondre \u00e0 un enjeu plus grand, le commis de l\u2019Etat fait le choix de la deuxi\u00e8me option sans ambages.<\/p>\n<p><em>\u00ab Alors non, on ne r\u00e9pondra pas \u00e0 une personne. On r\u00e9pondra \u00e0 un enjeu plus grand : comment raconter un pays, sans trahir sa complexit\u00e9 ? Comment faire avancer, sans m\u00e9priser ? Comment critiquer, sans r\u00e9duire ? La Guin\u00e9e vaut plus que des formules. Elle m\u00e9rite un regard lucide. Et elle continuera, malgr\u00e9 tout, \u00e0 se raconter elle-m\u00eame \u00bb<\/em>, conclu le porte-parole du gouvernement.<\/p>\n","protected":false},"excerpt":{"rendered":"<p>Tierno Monenembo, \u00e9crivain engag\u00e9 et critique acerbe, est une figure incontournable de la litt\u00e9rature contemporaine. Depuis plusieurs d\u00e9cennies, il utilise sa plume pour d\u00e9noncer les injustices et exprimer ses prises de position sur les grandes questions sociopolitiques. Pourtant, l\u2019actuel porte-parole du gouvernement, Ousmane Gaoual Diallo, semble avoir un avis diff\u00e9rent sur la fonction de l\u2019\u00e9crivain. [&hellip;]<\/p>\n","protected":false},"author":2,"featured_media":1389,"comment_status":"open","ping_status":"open","sticky":false,"template":"","format":"standard","meta":{"_jetpack_memberships_contains_paid_content":false,"footnotes":"","jetpack_publicize_message":"","jetpack_publicize_feature_enabled":true,"jetpack_social_post_already_shared":true,"jetpack_social_options":{"image_generator_settings":{"template":"highway","default_image_id":0,"font":"","enabled":false},"version":2}},"categories":[30,24],"tags":[518,517,35,143],"class_list":{"0":"post-2013","1":"post","2":"type-post","3":"status-publish","4":"format-standard","5":"has-post-thumbnail","7":"category-faits-divers","8":"category-news","9":"tag-litterature","10":"tag-tierno-monenembo","11":"tag-guinee","12":"tag-ousmane-gaoual-diallo"},"jetpack_publicize_connections":[],"jetpack_featured_media_url":"https:\/\/ledenonciateur224.com\/wp-content\/uploads\/2025\/02\/20250211-134544-696x392-1.jpg","jetpack_sharing_enabled":true,"_links":{"self":[{"href":"https:\/\/ledenonciateur224.com\/index.php\/wp-json\/wp\/v2\/posts\/2013","targetHints":{"allow":["GET"]}}],"collection":[{"href":"https:\/\/ledenonciateur224.com\/index.php\/wp-json\/wp\/v2\/posts"}],"about":[{"href":"https:\/\/ledenonciateur224.com\/index.php\/wp-json\/wp\/v2\/types\/post"}],"author":[{"embeddable":true,"href":"https:\/\/ledenonciateur224.com\/index.php\/wp-json\/wp\/v2\/users\/2"}],"replies":[{"embeddable":true,"href":"https:\/\/ledenonciateur224.com\/index.php\/wp-json\/wp\/v2\/comments?post=2013"}],"version-history":[{"count":0,"href":"https:\/\/ledenonciateur224.com\/index.php\/wp-json\/wp\/v2\/posts\/2013\/revisions"}],"wp:featuredmedia":[{"embeddable":true,"href":"https:\/\/ledenonciateur224.com\/index.php\/wp-json\/wp\/v2\/media\/1389"}],"wp:attachment":[{"href":"https:\/\/ledenonciateur224.com\/index.php\/wp-json\/wp\/v2\/media?parent=2013"}],"wp:term":[{"taxonomy":"category","embeddable":true,"href":"https:\/\/ledenonciateur224.com\/index.php\/wp-json\/wp\/v2\/categories?post=2013"},{"taxonomy":"post_tag","embeddable":true,"href":"https:\/\/ledenonciateur224.com\/index.php\/wp-json\/wp\/v2\/tags?post=2013"}],"curies":[{"name":"wp","href":"https:\/\/api.w.org\/{rel}","templated":true}]}}