{"id":2018,"date":"2025-03-24T15:22:06","date_gmt":"2025-03-24T15:22:06","guid":{"rendered":"https:\/\/ledenonciateur224.com\/?p=2018"},"modified":"2025-03-24T15:22:06","modified_gmt":"2025-03-24T15:22:06","slug":"lancement-du-mouvement-heri-kira-un-soutien-grandissant-pour-la-candidature-du-general-mamadi-doumbouya","status":"publish","type":"post","link":"https:\/\/ledenonciateur224.com\/index.php\/lancement-du-mouvement-heri-kira-un-soutien-grandissant-pour-la-candidature-du-general-mamadi-doumbouya\/","title":{"rendered":"Lancement du Mouvement H\u00e8ri Kira : Un soutien grandissant pour la candidature du G\u00e9n\u00e9ral Mamadi Doumbouya"},"content":{"rendered":"<p>Depuis le d\u00e9but de l&rsquo;ann\u00e9e 2025, la sc\u00e8ne politique en Guin\u00e9e est marqu\u00e9e par l&rsquo;\u00e9mergence de plusieurs mouvements de soutien en faveur de la candidature du G\u00e9n\u00e9ral Mamadi Doumbouya aux prochaines \u00e9lections pr\u00e9sidentielles. Ce lundi 24 mars, un nouvel acteur a rejoint cette dynamique : le \u00ab\u00a0Mouvement H\u00e8ri Kira\u00a0\u00bb (Le chemin du bonheur). Ce mouvement a \u00e9t\u00e9 officiellement lanc\u00e9 lors d\u2019un \u00e9v\u00e9nement marquant qui s\u2019est tenu \u00e0 Conakry, dans un prestigieux h\u00f4tel de la capitale. L&rsquo;occasion a r\u00e9uni de nombreux jeunes enthousiastes, qui ont exprim\u00e9 publiquement leur soutien au pr\u00e9sident de la transition, le G\u00e9n\u00e9ral Mamadi Doumbouya.<\/p>\n<p><img loading=\"lazy\" decoding=\"async\" class=\"alignnone size-full wp-image-2020\" src=\"https:\/\/ledenonciateur224.com\/wp-content\/uploads\/2025\/03\/20250324-145011-scaled.jpg\" alt=\"\" width=\"2560\" height=\"1440\" srcset=\"https:\/\/ledenonciateur224.com\/wp-content\/uploads\/2025\/03\/20250324-145011-scaled.jpg 2560w, https:\/\/ledenonciateur224.com\/wp-content\/uploads\/2025\/03\/20250324-145011-300x169.jpg 300w, https:\/\/ledenonciateur224.com\/wp-content\/uploads\/2025\/03\/20250324-145011-1024x576.jpg 1024w, https:\/\/ledenonciateur224.com\/wp-content\/uploads\/2025\/03\/20250324-145011-768x432.jpg 768w, https:\/\/ledenonciateur224.com\/wp-content\/uploads\/2025\/03\/20250324-145011-1536x864.jpg 1536w, https:\/\/ledenonciateur224.com\/wp-content\/uploads\/2025\/03\/20250324-145011-2048x1152.jpg 2048w, https:\/\/ledenonciateur224.com\/wp-content\/uploads\/2025\/03\/20250324-145011-150x84.jpg 150w, https:\/\/ledenonciateur224.com\/wp-content\/uploads\/2025\/03\/20250324-145011-696x392.jpg 696w, https:\/\/ledenonciateur224.com\/wp-content\/uploads\/2025\/03\/20250324-145011-1068x601.jpg 1068w, https:\/\/ledenonciateur224.com\/wp-content\/uploads\/2025\/03\/20250324-145011-1920x1080.jpg 1920w, https:\/\/ledenonciateur224.com\/wp-content\/uploads\/2025\/03\/20250324-145011-747x420.jpg 747w\" sizes=\"auto, (max-width: 2560px) 100vw, 2560px\" \/><\/p>\n<p>L\u2019\u00e9v\u00e9nement a \u00e9t\u00e9 un v\u00e9ritable moment de mobilisation et de solidarit\u00e9, illustrant l\u2019adh\u00e9sion croissante des jeunes Guin\u00e9ens \u00e0 la vision port\u00e9e par le G\u00e9n\u00e9ral Doumbouya. Les organisateurs ont soulign\u00e9 que ce mouvement ne repr\u00e9sente pas seulement un soutien politique, mais \u00e9galement une aspiration collective \u00e0 une Guin\u00e9e prosp\u00e8re et unie. Le nom du mouvement, \u00ab\u00a0H\u00e8ri Kira\u00a0\u00bb, qui se traduit par \u00ab\u00a0Le chemin du bonheur\u00a0\u00bb, symbolise l&rsquo;engagement des jeunes pour un avenir meilleur, dans un cadre de paix, de stabilit\u00e9 et de d\u00e9veloppement.<\/p>\n<p>Ce lancement s\u2019inscrit dans un contexte o\u00f9 les Guin\u00e9ens sont appel\u00e9s \u00e0 participer activement \u00e0 la construction d\u2019une nation nouvelle, avec un leadership qui entend renforcer les valeurs d\u00e9mocratiques et redynamiser l&rsquo;\u00e9conomie. \u00ab\u00a0H\u00e8ri Kira\u00a0\u00bb met donc l&rsquo;accent sur l\u2019importance de la jeunesse dans la construction de la Guin\u00e9e de demain et se positionne comme un catalyseur pour l\u2019adh\u00e9sion des jeunes \u00e0 un projet de soci\u00e9t\u00e9 port\u00e9 par Mamadi Doumbouya.<\/p>\n<p>Les membres du mouvement ont exprim\u00e9 leur confiance dans la capacit\u00e9 du G\u00e9n\u00e9ral Doumbouya \u00e0 mener le pays vers une transition r\u00e9ussie et \u00e0 r\u00e9pondre aux attentes profondes du peuple guin\u00e9en. Ce soutien est \u00e9galement vu comme une volont\u00e9 de participer activement \u00e0 l\u2019\u00e9dification d\u2019une nation qui puisse garantir un meilleur avenir \u00e0 ses jeunes g\u00e9n\u00e9rations.<\/p>\n<p>Ainsi, \u00e0 travers cet \u00e9v\u00e9nement, le \u00ab\u00a0Mouvement H\u00e8ri Kira\u00a0\u00bb se veut \u00eatre un acteur de changement et un porte-voix pour toutes les couches de la soci\u00e9t\u00e9, en particulier les jeunes, qui se sentent porteurs d\u2019un espoir collectif et d\u2019une vision commune pour l&rsquo;avenir du pays.<\/p>\n<p>&nbsp;<\/p>\n<p>Ledenonciateur224.com<\/p>\n<p>622 42 41 87<\/p>\n","protected":false},"excerpt":{"rendered":"<p>Depuis le d\u00e9but de l&rsquo;ann\u00e9e 2025, la sc\u00e8ne politique en Guin\u00e9e est marqu\u00e9e par l&rsquo;\u00e9mergence de plusieurs mouvements de soutien en faveur de la candidature du G\u00e9n\u00e9ral Mamadi Doumbouya aux prochaines \u00e9lections pr\u00e9sidentielles. Ce lundi 24 mars, un nouvel acteur a rejoint cette dynamique : le \u00ab\u00a0Mouvement H\u00e8ri Kira\u00a0\u00bb (Le chemin du bonheur). Ce mouvement [&hellip;]<\/p>\n","protected":false},"author":2,"featured_media":2019,"comment_status":"open","ping_status":"open","sticky":false,"template":"","format":"standard","meta":{"_jetpack_memberships_contains_paid_content":false,"footnotes":"","jetpack_publicize_message":"","jetpack_publicize_feature_enabled":true,"jetpack_social_post_already_shared":true,"jetpack_social_options":{"image_generator_settings":{"template":"highway","default_image_id":0,"font":"","enabled":false},"version":2}},"categories":[24,27],"tags":[519,278],"class_list":{"0":"post-2018","1":"post","2":"type-post","3":"status-publish","4":"format-standard","5":"has-post-thumbnail","7":"category-news","8":"category-politique","9":"tag-soutien-au-general-mamadi-doumbouya","10":"tag-mouvement-politique"},"jetpack_publicize_connections":[],"jetpack_featured_media_url":"https:\/\/ledenonciateur224.com\/wp-content\/uploads\/2025\/03\/20250324-143328-scaled.jpg","jetpack_sharing_enabled":true,"_links":{"self":[{"href":"https:\/\/ledenonciateur224.com\/index.php\/wp-json\/wp\/v2\/posts\/2018","targetHints":{"allow":["GET"]}}],"collection":[{"href":"https:\/\/ledenonciateur224.com\/index.php\/wp-json\/wp\/v2\/posts"}],"about":[{"href":"https:\/\/ledenonciateur224.com\/index.php\/wp-json\/wp\/v2\/types\/post"}],"author":[{"embeddable":true,"href":"https:\/\/ledenonciateur224.com\/index.php\/wp-json\/wp\/v2\/users\/2"}],"replies":[{"embeddable":true,"href":"https:\/\/ledenonciateur224.com\/index.php\/wp-json\/wp\/v2\/comments?post=2018"}],"version-history":[{"count":0,"href":"https:\/\/ledenonciateur224.com\/index.php\/wp-json\/wp\/v2\/posts\/2018\/revisions"}],"wp:featuredmedia":[{"embeddable":true,"href":"https:\/\/ledenonciateur224.com\/index.php\/wp-json\/wp\/v2\/media\/2019"}],"wp:attachment":[{"href":"https:\/\/ledenonciateur224.com\/index.php\/wp-json\/wp\/v2\/media?parent=2018"}],"wp:term":[{"taxonomy":"category","embeddable":true,"href":"https:\/\/ledenonciateur224.com\/index.php\/wp-json\/wp\/v2\/categories?post=2018"},{"taxonomy":"post_tag","embeddable":true,"href":"https:\/\/ledenonciateur224.com\/index.php\/wp-json\/wp\/v2\/tags?post=2018"}],"curies":[{"name":"wp","href":"https:\/\/api.w.org\/{rel}","templated":true}]}}