{"id":2022,"date":"2025-03-24T17:09:16","date_gmt":"2025-03-24T17:09:16","guid":{"rendered":"https:\/\/ledenonciateur224.com\/?p=2022"},"modified":"2025-03-24T17:09:16","modified_gmt":"2025-03-24T17:09:16","slug":"le-lancement-du-mouvement-heri-kira-un-engagement-fort-pour-la-candidature-du-general-mamadi-doumbouya","status":"publish","type":"post","link":"https:\/\/ledenonciateur224.com\/index.php\/le-lancement-du-mouvement-heri-kira-un-engagement-fort-pour-la-candidature-du-general-mamadi-doumbouya\/","title":{"rendered":"Le lancement du \u00ab\u00a0Mouvement H\u00e8ri Kira\u00a0\u00bb : Un engagement fort pour la candidature du G\u00e9n\u00e9ral Mamadi Doumbouya"},"content":{"rendered":"<p>Le lundi 24 mars 2025, un nouvel \u00e9lan de soutien en faveur du G\u00e9n\u00e9ral Mamadi Doumbouya a vu le jour avec la cr\u00e9ation du \u00ab\u00a0<strong>Mouvement H\u00e8ri Kira<\/strong>\u00a0\u00bb (Le chemin du bonheur). Ce mouvement, qui se veut un acteur cl\u00e9 de la transition en Guin\u00e9e, a \u00e9t\u00e9 officiellement lanc\u00e9 \u00e0 Conakry, dans un h\u00f4tel prestigieux de la capitale. L\u2019\u00e9v\u00e9nement a attir\u00e9 un large public, principalement compos\u00e9 de jeunes enthousiastes qui ont exprim\u00e9, de mani\u00e8re vibrante et d\u00e9termin\u00e9e, leur soutien au pr\u00e9sident de la transition, le G\u00e9n\u00e9ral Mamadi Doumbouya.<\/p>\n<p><img loading=\"lazy\" decoding=\"async\" class=\"alignnone size-full wp-image-2024\" src=\"https:\/\/ledenonciateur224.com\/wp-content\/uploads\/2025\/03\/img-20250324-wa0071.jpg\" alt=\"\" width=\"1280\" height=\"576\" srcset=\"https:\/\/ledenonciateur224.com\/wp-content\/uploads\/2025\/03\/img-20250324-wa0071.jpg 1280w, https:\/\/ledenonciateur224.com\/wp-content\/uploads\/2025\/03\/img-20250324-wa0071-300x135.jpg 300w, https:\/\/ledenonciateur224.com\/wp-content\/uploads\/2025\/03\/img-20250324-wa0071-1024x461.jpg 1024w, https:\/\/ledenonciateur224.com\/wp-content\/uploads\/2025\/03\/img-20250324-wa0071-768x346.jpg 768w, https:\/\/ledenonciateur224.com\/wp-content\/uploads\/2025\/03\/img-20250324-wa0071-150x68.jpg 150w, https:\/\/ledenonciateur224.com\/wp-content\/uploads\/2025\/03\/img-20250324-wa0071-696x313.jpg 696w, https:\/\/ledenonciateur224.com\/wp-content\/uploads\/2025\/03\/img-20250324-wa0071-1068x481.jpg 1068w, https:\/\/ledenonciateur224.com\/wp-content\/uploads\/2025\/03\/img-20250324-wa0071-933x420.jpg 933w\" sizes=\"auto, (max-width: 1280px) 100vw, 1280px\" \/><\/p>\n<p>La naissance de ce mouvement s&rsquo;inscrit dans une dynamique de plus en plus visible en Guin\u00e9e, o\u00f9 la figure du G\u00e9n\u00e9ral Doumbouya est per\u00e7ue par une majorit\u00e9 des jeunes comme le porteur d&rsquo;un changement r\u00e9el et durable pour le pays. \u00ab\u00a0H\u00e8ri Kira\u00a0\u00bb, en choisissant ce nom symbolique, entend incarner l&rsquo;aspiration collective \u00e0 un avenir meilleur pour la Guin\u00e9e, ax\u00e9 sur la paix, la stabilit\u00e9 et un d\u00e9veloppement durable. Le nom m\u00eame du mouvement, \u00ab\u00a0Le chemin du bonheur\u00a0\u00bb, traduit cette volont\u00e9 de voir le pays emprunter une voie nouvelle, porteuse de prosp\u00e9rit\u00e9 pour toutes les g\u00e9n\u00e9rations.<\/p>\n<p>Lors de cette c\u00e9r\u00e9monie, Moussa Sifo Camara, pr\u00e9sident du \u00ab\u00a0Mouvement H\u00e8ri Kira\u00a0\u00bb, a pris la parole pour justifier le soutien ind\u00e9fectible de son mouvement au G\u00e9n\u00e9ral Doumbouya. Il a expliqu\u00e9 que cette initiative est le fruit d\u2019une r\u00e9flexion m\u00fbrie, n\u00e9e de la volont\u00e9 de rassembler toutes les forces vives de la Guin\u00e9e autour d\u2019un m\u00eame objectif : accompagner le pr\u00e9sident de la R\u00e9publique dans ses actions de transformation du pays. \u00ab\u00a0<em><strong>Ce mouvement est le r\u00e9sultat du jaillissement m\u00fbri des id\u00e9es \u00e7a et l\u00e0 pour la mise en place depuis un certain temps d&rsquo;une plateforme globale. Notre soutien se justifie par l&rsquo;ensemble des travaux en cours dans notre pays. Le projet Simandou 2040, les logements sociaux, les infrastructures routi\u00e8res&#8230; tout cela montre la vision d&rsquo;avenir du pr\u00e9sident Doumbouya<\/strong><\/em>\u00ab\u00a0, a-t-il affirm\u00e9.<\/p>\n<p>Moussa Sifo Camara a insist\u00e9 sur le fait que, bien que des progr\u00e8s significatifs aient d\u00e9j\u00e0 \u00e9t\u00e9 r\u00e9alis\u00e9s, il reste encore beaucoup \u00e0 accomplir. Cependant, il a soulign\u00e9 qu\u2019en agissant ensemble, de mani\u00e8re unie et concert\u00e9e, le mouvement \u00ab\u00a0H\u00e8ri Kira\u00a0\u00bb pourra contribuer activement \u00e0 l\u2019atteinte des objectifs de d\u00e9veloppement du pays. Il a \u00e9galement pr\u00e9cis\u00e9 que son mouvement entend travailler de mani\u00e8re synergique avec d&rsquo;autres initiatives similaires afin de renforcer l&rsquo;impact des actions men\u00e9es pour le bien-\u00eatre de tous les Guin\u00e9ens.<\/p>\n<p><img loading=\"lazy\" decoding=\"async\" class=\"alignnone size-full wp-image-2025\" src=\"https:\/\/ledenonciateur224.com\/wp-content\/uploads\/2025\/03\/img-20250324-wa0103.jpg\" alt=\"\" width=\"1280\" height=\"576\" srcset=\"https:\/\/ledenonciateur224.com\/wp-content\/uploads\/2025\/03\/img-20250324-wa0103.jpg 1280w, https:\/\/ledenonciateur224.com\/wp-content\/uploads\/2025\/03\/img-20250324-wa0103-300x135.jpg 300w, https:\/\/ledenonciateur224.com\/wp-content\/uploads\/2025\/03\/img-20250324-wa0103-1024x461.jpg 1024w, https:\/\/ledenonciateur224.com\/wp-content\/uploads\/2025\/03\/img-20250324-wa0103-768x346.jpg 768w, https:\/\/ledenonciateur224.com\/wp-content\/uploads\/2025\/03\/img-20250324-wa0103-150x68.jpg 150w, https:\/\/ledenonciateur224.com\/wp-content\/uploads\/2025\/03\/img-20250324-wa0103-696x313.jpg 696w, https:\/\/ledenonciateur224.com\/wp-content\/uploads\/2025\/03\/img-20250324-wa0103-1068x481.jpg 1068w, https:\/\/ledenonciateur224.com\/wp-content\/uploads\/2025\/03\/img-20250324-wa0103-933x420.jpg 933w\" sizes=\"auto, (max-width: 1280px) 100vw, 1280px\" \/><\/p>\n<p>Un autre moment fort de la c\u00e9r\u00e9monie a \u00e9t\u00e9 l\u2019intervention d\u2019Ahmed S\u00e9kou Camara, coordinateur des mouvements de soutien au Pr\u00e9sident de la Transition. Ce dernier a r\u00e9affirm\u00e9 l&rsquo;importance de l\u2019unit\u00e9 autour de la candidature du G\u00e9n\u00e9ral Mamadi Doumbouya et de la n\u00e9cessit\u00e9 de renforcer les efforts collectifs pour garantir un avenir meilleur pour le pays. \u00ab\u00a0<em><strong>Nous sommes dans un combat difficile<\/strong><\/em>\u00ab\u00a0, a-t-il d\u00e9clar\u00e9, rappelant que la lutte actuelle visait \u00e0 convaincre le pr\u00e9sident Doumbouya d\u2019accepter de se porter candidat aux prochaines \u00e9lections pr\u00e9sidentielles.<\/p>\n<p>Il a soulign\u00e9 que les partisans du G\u00e9n\u00e9ral Mamadi Doumbouya doivent imp\u00e9rativement se rassembler et d\u00e9passer leurs diff\u00e9rends pour l\u2019int\u00e9r\u00eat sup\u00e9rieur de la Guin\u00e9e. \u00ab\u00a0<em><strong>Tous ceux qui se battent pour le G\u00e9n\u00e9ral Mamadi Doumbouya doivent \u00eatre ensemble. Nous avons le m\u00eame objectif, qui n\u2019est autre que le G\u00e9n\u00e9ral Doumbouya. Il est temps de laisser nos querelles de c\u00f4t\u00e9 et de penser \u00e0 l\u2019avenir de notre pays et \u00e0 l\u2019int\u00e9r\u00eat national<\/strong><\/em>\u00ab\u00a0, a insist\u00e9 Ahmed S\u00e9kou Camara. Il a \u00e9galement pr\u00e9cis\u00e9 qu\u2019abandonner le G\u00e9n\u00e9ral Doumbouya serait un acte de trahison envers la g\u00e9n\u00e9ration actuelle et les g\u00e9n\u00e9rations futures, soulignant que le pr\u00e9sident a prouv\u00e9 par ses actions son engagement \u00e0 d\u00e9velopper la Guin\u00e9e et \u00e0 offrir un avenir plus prosp\u00e8re \u00e0 toutes les g\u00e9n\u00e9rations de Guin\u00e9ens.<\/p>\n<p>La c\u00e9r\u00e9monie de lancement a \u00e9galement \u00e9t\u00e9 marqu\u00e9e par la pr\u00e9sence de nombreuses personnalit\u00e9s, dont le repr\u00e9sentant de la gouverneure de la ville de Conakry, ainsi que des figures embl\u00e9matiques d&rsquo;autres mouvements politiques soutenant la transition. Leur pr\u00e9sence t\u00e9moigne de la solidarit\u00e9 croissante autour de la candidature du G\u00e9n\u00e9ral Mamadi Doumbouya et de l\u2019engouement qui se d\u00e9veloppe au sein de la population guin\u00e9enne pour un avenir sous son leadership.<\/p>\n<p>Le \u00ab\u00a0Mouvement H\u00e8ri Kira\u00a0\u00bb entend ainsi devenir un acteur incontournable dans le soutien \u00e0 la transition en Guin\u00e9e, en r\u00e9unissant un maximum de jeunes et d\u2019adultes autour des projets de d\u00e9veloppement en cours. Ce lancement est un signal fort de l\u2019engagement des jeunes Guin\u00e9ens, qui se positionnent comme les principaux moteurs de la transformation et du d\u00e9veloppement du pays. \u00ab\u00a0H\u00e8ri Kira\u00a0\u00bb est plus qu&rsquo;un simple mouvement politique, c\u2019est un appel \u00e0 l&rsquo;unit\u00e9 et \u00e0 la mobilisation collective pour un avenir meilleur, celui de tous les Guin\u00e9ens.<\/p>\n<p>&nbsp;<\/p>\n<p>Aboubacar Moussa Camara<\/p>\n<p>622 42 41 87<\/p>\n","protected":false},"excerpt":{"rendered":"<p>Le lundi 24 mars 2025, un nouvel \u00e9lan de soutien en faveur du G\u00e9n\u00e9ral Mamadi Doumbouya a vu le jour avec la cr\u00e9ation du \u00ab\u00a0Mouvement H\u00e8ri Kira\u00a0\u00bb (Le chemin du bonheur). Ce mouvement, qui se veut un acteur cl\u00e9 de la transition en Guin\u00e9e, a \u00e9t\u00e9 officiellement lanc\u00e9 \u00e0 Conakry, dans un h\u00f4tel prestigieux de [&hellip;]<\/p>\n","protected":false},"author":2,"featured_media":2023,"comment_status":"open","ping_status":"open","sticky":false,"template":"","format":"standard","meta":{"_jetpack_memberships_contains_paid_content":false,"footnotes":"","jetpack_publicize_message":"","jetpack_publicize_feature_enabled":true,"jetpack_social_post_already_shared":true,"jetpack_social_options":{"image_generator_settings":{"template":"highway","default_image_id":0,"font":"","enabled":false},"version":2}},"categories":[24,27],"tags":[522,520,458,521],"class_list":{"0":"post-2022","1":"post","2":"type-post","3":"status-publish","4":"format-standard","5":"has-post-thumbnail","7":"category-news","8":"category-politique","9":"tag-mamadi-doumbouya","10":"tag-mouvement","11":"tag-president","12":"tag-soutien"},"jetpack_publicize_connections":[],"jetpack_featured_media_url":"https:\/\/ledenonciateur224.com\/wp-content\/uploads\/2025\/03\/img-20250324-wa0101.jpg","jetpack_sharing_enabled":true,"_links":{"self":[{"href":"https:\/\/ledenonciateur224.com\/index.php\/wp-json\/wp\/v2\/posts\/2022","targetHints":{"allow":["GET"]}}],"collection":[{"href":"https:\/\/ledenonciateur224.com\/index.php\/wp-json\/wp\/v2\/posts"}],"about":[{"href":"https:\/\/ledenonciateur224.com\/index.php\/wp-json\/wp\/v2\/types\/post"}],"author":[{"embeddable":true,"href":"https:\/\/ledenonciateur224.com\/index.php\/wp-json\/wp\/v2\/users\/2"}],"replies":[{"embeddable":true,"href":"https:\/\/ledenonciateur224.com\/index.php\/wp-json\/wp\/v2\/comments?post=2022"}],"version-history":[{"count":0,"href":"https:\/\/ledenonciateur224.com\/index.php\/wp-json\/wp\/v2\/posts\/2022\/revisions"}],"wp:featuredmedia":[{"embeddable":true,"href":"https:\/\/ledenonciateur224.com\/index.php\/wp-json\/wp\/v2\/media\/2023"}],"wp:attachment":[{"href":"https:\/\/ledenonciateur224.com\/index.php\/wp-json\/wp\/v2\/media?parent=2022"}],"wp:term":[{"taxonomy":"category","embeddable":true,"href":"https:\/\/ledenonciateur224.com\/index.php\/wp-json\/wp\/v2\/categories?post=2022"},{"taxonomy":"post_tag","embeddable":true,"href":"https:\/\/ledenonciateur224.com\/index.php\/wp-json\/wp\/v2\/tags?post=2022"}],"curies":[{"name":"wp","href":"https:\/\/api.w.org\/{rel}","templated":true}]}}