{"id":2048,"date":"2025-03-26T12:09:38","date_gmt":"2025-03-26T12:09:38","guid":{"rendered":"https:\/\/ledenonciateur224.com\/?p=2048"},"modified":"2025-03-26T12:09:38","modified_gmt":"2025-03-26T12:09:38","slug":"nuit-du-destin-du-ramadan-le-gouvernement-guineen-proclame-le-jeudi-27-mars-jour-ferie-chome-et-paye","status":"publish","type":"post","link":"https:\/\/ledenonciateur224.com\/index.php\/nuit-du-destin-du-ramadan-le-gouvernement-guineen-proclame-le-jeudi-27-mars-jour-ferie-chome-et-paye\/","title":{"rendered":"Nuit du Destin du Ramadan : Le gouvernement guin\u00e9en proclame le jeudi 27 mars jour f\u00e9ri\u00e9, ch\u00f4m\u00e9 et pay\u00e9"},"content":{"rendered":"<p>\u00c0 l&rsquo;occasion de la Nuit du Destin du mois sacr\u00e9 de Ramadan, le minist\u00e8re du Travail et de la Fonction publique de Guin\u00e9e a annonc\u00e9 que la journ\u00e9e du jeudi 27 mars sera d\u00e9clar\u00e9e f\u00e9ri\u00e9e, ch\u00f4m\u00e9e et pay\u00e9e pour l&rsquo;ensemble des travailleurs du pays.<\/p>\n<p><img loading=\"lazy\" decoding=\"async\" class=\"alignnone size-full wp-image-2049\" src=\"https:\/\/ledenonciateur224.com\/wp-content\/uploads\/2025\/03\/fb-img-1742990173913.jpg\" alt=\"\" width=\"720\" height=\"1072\" srcset=\"https:\/\/ledenonciateur224.com\/wp-content\/uploads\/2025\/03\/fb-img-1742990173913.jpg 720w, https:\/\/ledenonciateur224.com\/wp-content\/uploads\/2025\/03\/fb-img-1742990173913-201x300.jpg 201w, https:\/\/ledenonciateur224.com\/wp-content\/uploads\/2025\/03\/fb-img-1742990173913-688x1024.jpg 688w, https:\/\/ledenonciateur224.com\/wp-content\/uploads\/2025\/03\/fb-img-1742990173913-150x223.jpg 150w, https:\/\/ledenonciateur224.com\/wp-content\/uploads\/2025\/03\/fb-img-1742990173913-300x447.jpg 300w, https:\/\/ledenonciateur224.com\/wp-content\/uploads\/2025\/03\/fb-img-1742990173913-696x1036.jpg 696w, https:\/\/ledenonciateur224.com\/wp-content\/uploads\/2025\/03\/fb-img-1742990173913-282x420.jpg 282w\" sizes=\"auto, (max-width: 720px) 100vw, 720px\" \/><\/p>\n<p>&nbsp;<\/p>\n","protected":false},"excerpt":{"rendered":"<p>\u00c0 l&rsquo;occasion de la Nuit du Destin du mois sacr\u00e9 de Ramadan, le minist\u00e8re du Travail et de la Fonction publique de Guin\u00e9e a annonc\u00e9 que la journ\u00e9e du jeudi 27 mars sera d\u00e9clar\u00e9e f\u00e9ri\u00e9e, ch\u00f4m\u00e9e et pay\u00e9e pour l&rsquo;ensemble des travailleurs du pays. &nbsp;<\/p>\n","protected":false},"author":2,"featured_media":506,"comment_status":"open","ping_status":"open","sticky":false,"template":"","format":"standard","meta":{"_jetpack_memberships_contains_paid_content":false,"footnotes":"","jetpack_publicize_message":"","jetpack_publicize_feature_enabled":true,"jetpack_social_post_already_shared":true,"jetpack_social_options":{"image_generator_settings":{"template":"highway","default_image_id":0,"font":"","enabled":false},"version":2}},"categories":[30,24],"tags":[533,532,534],"class_list":{"0":"post-2048","1":"post","2":"type-post","3":"status-publish","4":"format-standard","5":"has-post-thumbnail","7":"category-faits-divers","8":"category-news","9":"tag-jour-ferie","10":"tag-travail","11":"tag-travailleurs"},"jetpack_publicize_connections":[],"jetpack_featured_media_url":"https:\/\/ledenonciateur224.com\/wp-content\/uploads\/2024\/12\/470183405-8902162953162705-1723968645351958058-n.jpg","jetpack_sharing_enabled":true,"_links":{"self":[{"href":"https:\/\/ledenonciateur224.com\/index.php\/wp-json\/wp\/v2\/posts\/2048","targetHints":{"allow":["GET"]}}],"collection":[{"href":"https:\/\/ledenonciateur224.com\/index.php\/wp-json\/wp\/v2\/posts"}],"about":[{"href":"https:\/\/ledenonciateur224.com\/index.php\/wp-json\/wp\/v2\/types\/post"}],"author":[{"embeddable":true,"href":"https:\/\/ledenonciateur224.com\/index.php\/wp-json\/wp\/v2\/users\/2"}],"replies":[{"embeddable":true,"href":"https:\/\/ledenonciateur224.com\/index.php\/wp-json\/wp\/v2\/comments?post=2048"}],"version-history":[{"count":0,"href":"https:\/\/ledenonciateur224.com\/index.php\/wp-json\/wp\/v2\/posts\/2048\/revisions"}],"wp:featuredmedia":[{"embeddable":true,"href":"https:\/\/ledenonciateur224.com\/index.php\/wp-json\/wp\/v2\/media\/506"}],"wp:attachment":[{"href":"https:\/\/ledenonciateur224.com\/index.php\/wp-json\/wp\/v2\/media?parent=2048"}],"wp:term":[{"taxonomy":"category","embeddable":true,"href":"https:\/\/ledenonciateur224.com\/index.php\/wp-json\/wp\/v2\/categories?post=2048"},{"taxonomy":"post_tag","embeddable":true,"href":"https:\/\/ledenonciateur224.com\/index.php\/wp-json\/wp\/v2\/tags?post=2048"}],"curies":[{"name":"wp","href":"https:\/\/api.w.org\/{rel}","templated":true}]}}