{"id":2051,"date":"2025-03-26T13:40:34","date_gmt":"2025-03-26T13:40:34","guid":{"rendered":"https:\/\/ledenonciateur224.com\/?p=2051"},"modified":"2025-03-26T13:40:34","modified_gmt":"2025-03-26T13:40:34","slug":"liberte-dexpression-en-peril-les-avocats-daliou-bah-defient-la-justice-dans-laffaire-de-diffamation-contre-le-chef-de-letat","status":"publish","type":"post","link":"https:\/\/ledenonciateur224.com\/index.php\/liberte-dexpression-en-peril-les-avocats-daliou-bah-defient-la-justice-dans-laffaire-de-diffamation-contre-le-chef-de-letat\/","title":{"rendered":"Libert\u00e9 d&rsquo;expression en p\u00e9ril : Les avocats d&rsquo;Aliou Bah d\u00e9fient la justice dans l&rsquo;affaire de diffamation contre le Chef de l&rsquo;\u00c9tat"},"content":{"rendered":"<p>Dans l&rsquo;affaire opposant le minist\u00e8re public au leader politique Aliou Bah, condamn\u00e9 par le Tribunal de Premi\u00e8re Instance (TPI) de Kaloum \u00e0 de lourdes peines pour \u00ab offense et diffamation \u00bb \u00e0 l&rsquo;encontre du chef de l&rsquo;\u00c9tat, un nouveau rebondissement a eu lieu. Apr\u00e8s des d\u00e9bats houleux concernant la constitution de la partie civile, la pr\u00e9sidente de la cour, Hadja Fatou Bangoura, a ordonn\u00e9 aux avocats de la d\u00e9fense de pr\u00e9senter leurs motifs d\u2019appel.<\/p>\n<p>Ma\u00eetre P\u00e9p\u00e9 Antoine Lama, avocat de la d\u00e9fense, a fermement contest\u00e9 la condamnation de son client en arguant que les propos d&rsquo;Aliou Bah ne sont en aucun cas outrageants envers le chef de l&rsquo;\u00c9tat. Selon lui, ces propos ont \u00e9t\u00e9 relay\u00e9s par les m\u00e9dias et doivent, \u00e0 ce titre, \u00eatre prot\u00e9g\u00e9s par la l\u00e9gislation sur la libert\u00e9 de la presse. L&rsquo;avocat a ajout\u00e9 qu&rsquo;il \u00e9tait particuli\u00e8rement choqu\u00e9 par la formulation du jugement, dans lequel le juge pr\u00e9tendait avoir p\u00e9n\u00e9tr\u00e9 la pens\u00e9e de son client, affirmant que \u00ab les propos d\u2019Aliou Bah laissent entrevoir \u00bb. Avec ironie, il a soulign\u00e9 que \u00ab le juge est tellement savant qu\u2019il semble avoir l\u2019avance du Dieu \u00bb.<\/p>\n<p>Soulignant la dimension politique du discours tenu par Aliou Bah dans le cadre d&rsquo;un d\u00e9bat public, Ma\u00eetre Lama a d\u00e9nonc\u00e9 une \u00ab atteinte disproportionn\u00e9e \u00e0 la libert\u00e9 d\u2019expression \u00bb. Il a r\u00e9p\u00e9t\u00e9 sa conviction que le parquet avait lanc\u00e9 une v\u00e9ritable \u00ab guerre contre la libert\u00e9 d\u2019expression \u00bb, un point que le tribunal de Kaloum, selon lui, avait ent\u00e9rin\u00e9. En se r\u00e9f\u00e9rant \u00e0 l&rsquo;article 16 du Code p\u00e9nal, l&rsquo;avocat a insist\u00e9 sur le fait que cette affaire devrait \u00eatre jug\u00e9e sous l&rsquo;angle des droits humains et de la protection de la libert\u00e9 d&rsquo;expression.<\/p>\n<p>Dans leur lettre d&rsquo;appel, les avocats ont list\u00e9 trois points essentiels : la violation des droits de l&rsquo;homme, l&rsquo;irr\u00e9gularit\u00e9 de la qualification p\u00e9nale des faits, et la disproportion manifeste de la sanction. Ils ont ainsi sollicit\u00e9 l&rsquo;annulation du jugement du 7 janvier 2025, demandant la relaxe pure et simple de Mamadou Aliou Bah, soulignant que le droit international devrait primer dans cette affaire.<\/p>\n<p>Ce proc\u00e8s pourrait bien marquer un tournant dans la d\u00e9fense de la libert\u00e9 d&rsquo;expression en Guin\u00e9e, o\u00f9 des voix se l\u00e8vent pour contester ce qu&rsquo;ils consid\u00e8rent comme une r\u00e9pression judiciaire des discours politiques.<\/p>\n<p>N&rsquo;sira Sylla pour Ledenonciateur224.com<\/p>\n","protected":false},"excerpt":{"rendered":"<p>Dans l&rsquo;affaire opposant le minist\u00e8re public au leader politique Aliou Bah, condamn\u00e9 par le Tribunal de Premi\u00e8re Instance (TPI) de Kaloum \u00e0 de lourdes peines pour \u00ab offense et diffamation \u00bb \u00e0 l&rsquo;encontre du chef de l&rsquo;\u00c9tat, un nouveau rebondissement a eu lieu. Apr\u00e8s des d\u00e9bats houleux concernant la constitution de la partie civile, la [&hellip;]<\/p>\n","protected":false},"author":2,"featured_media":2052,"comment_status":"open","ping_status":"open","sticky":false,"template":"","format":"standard","meta":{"_jetpack_memberships_contains_paid_content":false,"footnotes":"","jetpack_publicize_message":"","jetpack_publicize_feature_enabled":true,"jetpack_social_post_already_shared":true,"jetpack_social_options":{"image_generator_settings":{"template":"highway","default_image_id":0,"font":"","enabled":false},"version":2}},"categories":[30,24],"tags":[535,140,35],"class_list":{"0":"post-2051","1":"post","2":"type-post","3":"status-publish","4":"format-standard","5":"has-post-thumbnail","7":"category-faits-divers","8":"category-news","9":"tag-cour-dappel","10":"tag-aliou-bah","11":"tag-guinee"},"jetpack_publicize_connections":[],"jetpack_featured_media_url":"https:\/\/ledenonciateur224.com\/wp-content\/uploads\/2025\/03\/debut-audience-1.jpg","jetpack_sharing_enabled":true,"_links":{"self":[{"href":"https:\/\/ledenonciateur224.com\/index.php\/wp-json\/wp\/v2\/posts\/2051","targetHints":{"allow":["GET"]}}],"collection":[{"href":"https:\/\/ledenonciateur224.com\/index.php\/wp-json\/wp\/v2\/posts"}],"about":[{"href":"https:\/\/ledenonciateur224.com\/index.php\/wp-json\/wp\/v2\/types\/post"}],"author":[{"embeddable":true,"href":"https:\/\/ledenonciateur224.com\/index.php\/wp-json\/wp\/v2\/users\/2"}],"replies":[{"embeddable":true,"href":"https:\/\/ledenonciateur224.com\/index.php\/wp-json\/wp\/v2\/comments?post=2051"}],"version-history":[{"count":0,"href":"https:\/\/ledenonciateur224.com\/index.php\/wp-json\/wp\/v2\/posts\/2051\/revisions"}],"wp:featuredmedia":[{"embeddable":true,"href":"https:\/\/ledenonciateur224.com\/index.php\/wp-json\/wp\/v2\/media\/2052"}],"wp:attachment":[{"href":"https:\/\/ledenonciateur224.com\/index.php\/wp-json\/wp\/v2\/media?parent=2051"}],"wp:term":[{"taxonomy":"category","embeddable":true,"href":"https:\/\/ledenonciateur224.com\/index.php\/wp-json\/wp\/v2\/categories?post=2051"},{"taxonomy":"post_tag","embeddable":true,"href":"https:\/\/ledenonciateur224.com\/index.php\/wp-json\/wp\/v2\/tags?post=2051"}],"curies":[{"name":"wp","href":"https:\/\/api.w.org\/{rel}","templated":true}]}}