{"id":2061,"date":"2025-03-27T09:12:20","date_gmt":"2025-03-27T09:12:20","guid":{"rendered":"https:\/\/ledenonciateur224.com\/?p=2061"},"modified":"2025-03-27T09:12:20","modified_gmt":"2025-03-27T09:12:20","slug":"indemnisation-des-victimes-du-28-septembre-2009-le-general-mamadi-doumbouya-prend-un-acte-majeur-de-reparation","status":"publish","type":"post","link":"https:\/\/ledenonciateur224.com\/index.php\/indemnisation-des-victimes-du-28-septembre-2009-le-general-mamadi-doumbouya-prend-un-acte-majeur-de-reparation\/","title":{"rendered":"Indemnisation des victimes du 28 septembre 2009 : le G\u00e9n\u00e9ral Mamadi Doumbouya prend un acte majeur de r\u00e9paration"},"content":{"rendered":"<p>Le Pr\u00e9sident Mamadi Doumbouya a pris, ce mercredi 26 mars 2025, une d\u00e9cision significative concernant l\u2019indemnisation des victimes du massacre du 28 septembre 2009.<\/p>\n<p>Neuf mois apr\u00e8s le verdict du proc\u00e8s embl\u00e9matique, le Chef de l&rsquo;\u00c9tat a sign\u00e9 un d\u00e9cret assurant la prise en charge compl\u00e8te des frais d&rsquo;indemnisation des victimes. Selon l&rsquo;article premier du d\u00e9cret, \u00ab\u00a0dans un souci de justice sociale, de r\u00e9conciliation et de r\u00e9paration des pr\u00e9judices, tant moraux que physiques\u00a0\u00bb, l&rsquo;int\u00e9gralit\u00e9 des indemnit\u00e9s sera financ\u00e9e par le Budget National de D\u00e9veloppement (BND).<\/p>\n<p>L&rsquo;acte, lu \u00e0 la t\u00e9l\u00e9vision nationale par le G\u00e9n\u00e9ral Amara Camara, stipule \u00e9galement, dans son article 2, que le Premier ministre, ainsi que les ministres de la Justice, de l\u2019\u00c9conomie et des Finances, et du Budget, sont charg\u00e9s de la mise en \u0153uvre rigoureuse de ce d\u00e9cret. Cette mesure marque un pas important vers la r\u00e9conciliation et la r\u00e9paration des souffrances inflig\u00e9es aux victimes.<\/p>\n<p>Ledenonciateur224.com<\/p>\n","protected":false},"excerpt":{"rendered":"<p>Le Pr\u00e9sident Mamadi Doumbouya a pris, ce mercredi 26 mars 2025, une d\u00e9cision significative concernant l\u2019indemnisation des victimes du massacre du 28 septembre 2009. Neuf mois apr\u00e8s le verdict du proc\u00e8s embl\u00e9matique, le Chef de l&rsquo;\u00c9tat a sign\u00e9 un d\u00e9cret assurant la prise en charge compl\u00e8te des frais d&rsquo;indemnisation des victimes. Selon l&rsquo;article premier du [&hellip;]<\/p>\n","protected":false},"author":2,"featured_media":774,"comment_status":"open","ping_status":"open","sticky":false,"template":"","format":"standard","meta":{"_jetpack_memberships_contains_paid_content":false,"footnotes":"","jetpack_publicize_message":"","jetpack_publicize_feature_enabled":true,"jetpack_social_post_already_shared":true,"jetpack_social_options":{"image_generator_settings":{"template":"highway","default_image_id":0,"font":"","enabled":false},"version":2}},"categories":[30,24],"tags":[539,70],"class_list":{"0":"post-2061","1":"post","2":"type-post","3":"status-publish","4":"format-standard","5":"has-post-thumbnail","7":"category-faits-divers","8":"category-news","9":"tag-actes-majeurs-du-general-mamadi-doumbouya","10":"tag-decret"},"jetpack_publicize_connections":[],"jetpack_featured_media_url":"https:\/\/ledenonciateur224.com\/wp-content\/uploads\/2025\/01\/mamadi-doumbouya-3-1.jpg","jetpack_sharing_enabled":true,"_links":{"self":[{"href":"https:\/\/ledenonciateur224.com\/index.php\/wp-json\/wp\/v2\/posts\/2061","targetHints":{"allow":["GET"]}}],"collection":[{"href":"https:\/\/ledenonciateur224.com\/index.php\/wp-json\/wp\/v2\/posts"}],"about":[{"href":"https:\/\/ledenonciateur224.com\/index.php\/wp-json\/wp\/v2\/types\/post"}],"author":[{"embeddable":true,"href":"https:\/\/ledenonciateur224.com\/index.php\/wp-json\/wp\/v2\/users\/2"}],"replies":[{"embeddable":true,"href":"https:\/\/ledenonciateur224.com\/index.php\/wp-json\/wp\/v2\/comments?post=2061"}],"version-history":[{"count":0,"href":"https:\/\/ledenonciateur224.com\/index.php\/wp-json\/wp\/v2\/posts\/2061\/revisions"}],"wp:featuredmedia":[{"embeddable":true,"href":"https:\/\/ledenonciateur224.com\/index.php\/wp-json\/wp\/v2\/media\/774"}],"wp:attachment":[{"href":"https:\/\/ledenonciateur224.com\/index.php\/wp-json\/wp\/v2\/media?parent=2061"}],"wp:term":[{"taxonomy":"category","embeddable":true,"href":"https:\/\/ledenonciateur224.com\/index.php\/wp-json\/wp\/v2\/categories?post=2061"},{"taxonomy":"post_tag","embeddable":true,"href":"https:\/\/ledenonciateur224.com\/index.php\/wp-json\/wp\/v2\/tags?post=2061"}],"curies":[{"name":"wp","href":"https:\/\/api.w.org\/{rel}","templated":true}]}}