{"id":2078,"date":"2025-03-27T11:11:37","date_gmt":"2025-03-27T11:11:37","guid":{"rendered":"https:\/\/ledenonciateur224.com\/?p=2078"},"modified":"2025-03-27T11:11:37","modified_gmt":"2025-03-27T11:11:37","slug":"sante-precaire-de-mandian-sidibe-vendredi-21-mars-2025-ignace-denn-pour-verifier-les-propos-du-procureur-special-aly-toure","status":"publish","type":"post","link":"https:\/\/ledenonciateur224.com\/index.php\/sante-precaire-de-mandian-sidibe-vendredi-21-mars-2025-ignace-denn-pour-verifier-les-propos-du-procureur-special-aly-toure\/","title":{"rendered":"Sant\u00e9 pr\u00e9caire de Mandian Sidib\u00e9: vendredi 21 mars 2025, Ignace Denn pour v\u00e9rifier les propos du Procureur Sp\u00e9cial Aly Tour\u00e9"},"content":{"rendered":"<p>\u00c0 l&rsquo;occasion d&rsquo;une conf\u00e9rence de presse anim\u00e9e, vendredi 21 mars 2025, par le Procureur Sp\u00e9cial pr\u00e8s la CRIEF, l&rsquo;\u00e9tat de sant\u00e9 de l&rsquo;ancien DG de l&rsquo;OGP a \u00e9t\u00e9 \u00e9voqu\u00e9, suite aux questions de certains journalistes qui cherchaient \u00e0 conna\u00eetre la position g\u00e9ographique de Mandian Sidib\u00e9, contraint au silence par la prison et la maladie. Aly Tour\u00e9 a affirm\u00e9 que Mandian Sidib\u00e9 est malade et se trouverait \u00e0 l&rsquo;h\u00f4pital Ignace Deen.<\/p>\n<p>Pour satisfaire notre curiosit\u00e9 de journaliste, nous avons d\u00e9cid\u00e9 de rendre visite \u00e0 Mandian Sidib\u00e9 dans son lit d&rsquo;h\u00f4pital.<\/p>\n<p>Le patient est effectivement \u00e0 Ignace Deen, au service R\u00e9animation, nous informent les m\u00e9decins. Mais l&rsquo;acc\u00e8s au patient est strictement limit\u00e9. &lt;&lt; Mandian Sidib\u00e9 s\u00e9journe depuis environs deux mois ici. Sa sant\u00e9 se d\u00e9grade au jour le jour. Il porte r\u00e9guli\u00e8rement une sonde urinaire. Ce qui s&rsquo;apparenterait \u00e0 des probl\u00e8mes prostatiques graves &gt;&gt;, pr\u00e9cisent les m\u00e9decins contact\u00e9s sous le sceau de l&rsquo;anonymat.<\/p>\n<p>Cette information provenant de sources m\u00e9dicales se recoupe avec celle du Procureur Sp\u00e9ciale Aly Tour\u00e9 qui avait r\u00e9v\u00e9l\u00e9, lors de la conf\u00e9rence de presse, que : &lt;&lt; La derni\u00e8re fois que Mandian Sidib\u00e9 a \u00e9t\u00e9 entendu, il venait juste de son lit d\u2019h\u00f4pital. Les m\u00e9decins ont m\u00eame retard\u00e9 son audition. Elle devait avoir lieu \u00e0 10 heures, mais elle n\u2019a commenc\u00e9 qu\u2019\u00e0 midi. Il portait une sonde urinaire \u00bb, a-t-il d\u00e9crit l&rsquo;\u00e9tat de sant\u00e9 de l&rsquo;accus\u00e9.<\/p>\n<p>Les soins de Mandian sont-ils pris en charge?<\/p>\n<p>D&rsquo;apr\u00e8s nos informations, toutes les charges m\u00e9dicales sont aux frais de Mandian lui-m\u00eame et de sa famille. Pourtant, &lt;&lt; la pathologie dont souffrirait l&rsquo;ancien DG de l&rsquo;OGP n\u00e9cessite un traitement ad\u00e9quat et un coup financier tr\u00e8s \u00e9lev\u00e9&gt;&gt;, ajoutent les m\u00e9decins.<\/p>\n<p>L&rsquo;ancien DG de l&rsquo;OGP, Mandian Sidib\u00e9, est dans les mailles de la justice depuis le 31 d\u00e9cembre 2024 pour des faits presum\u00e9s de d\u00e9tournement de 78 milliards de francs guin\u00e9ens. La d\u00e9gradation de son \u00e9tat de sant\u00e9 laisse cependant sa famille et ses proches dans une inqui\u00e9tude totale.<\/p>\n<p>Malick Sanguiana Camara<\/p>\n","protected":false},"excerpt":{"rendered":"<p>\u00c0 l&rsquo;occasion d&rsquo;une conf\u00e9rence de presse anim\u00e9e, vendredi 21 mars 2025, par le Procureur Sp\u00e9cial pr\u00e8s la CRIEF, l&rsquo;\u00e9tat de sant\u00e9 de l&rsquo;ancien DG de l&rsquo;OGP a \u00e9t\u00e9 \u00e9voqu\u00e9, suite aux questions de certains journalistes qui cherchaient \u00e0 conna\u00eetre la position g\u00e9ographique de Mandian Sidib\u00e9, contraint au silence par la prison et la maladie. Aly [&hellip;]<\/p>\n","protected":false},"author":2,"featured_media":1043,"comment_status":"open","ping_status":"open","sticky":false,"template":"","format":"standard","meta":{"_jetpack_memberships_contains_paid_content":false,"footnotes":"","jetpack_publicize_message":"","jetpack_publicize_feature_enabled":true,"jetpack_social_post_already_shared":true,"jetpack_social_options":{"image_generator_settings":{"template":"highway","default_image_id":0,"font":"","enabled":false},"version":2}},"categories":[30,24],"tags":[544,543,545,83],"class_list":{"0":"post-2078","1":"post","2":"type-post","3":"status-publish","4":"format-standard","5":"has-post-thumbnail","7":"category-faits-divers","8":"category-news","9":"tag-infractions-economiques","10":"tag-ignace-deen","11":"tag-la-cour","12":"tag-mandian-sidibe"},"jetpack_publicize_connections":[],"jetpack_featured_media_url":"https:\/\/ledenonciateur224.com\/wp-content\/uploads\/2025\/01\/fb-img-1737649323747.jpg","jetpack_sharing_enabled":true,"_links":{"self":[{"href":"https:\/\/ledenonciateur224.com\/index.php\/wp-json\/wp\/v2\/posts\/2078","targetHints":{"allow":["GET"]}}],"collection":[{"href":"https:\/\/ledenonciateur224.com\/index.php\/wp-json\/wp\/v2\/posts"}],"about":[{"href":"https:\/\/ledenonciateur224.com\/index.php\/wp-json\/wp\/v2\/types\/post"}],"author":[{"embeddable":true,"href":"https:\/\/ledenonciateur224.com\/index.php\/wp-json\/wp\/v2\/users\/2"}],"replies":[{"embeddable":true,"href":"https:\/\/ledenonciateur224.com\/index.php\/wp-json\/wp\/v2\/comments?post=2078"}],"version-history":[{"count":0,"href":"https:\/\/ledenonciateur224.com\/index.php\/wp-json\/wp\/v2\/posts\/2078\/revisions"}],"wp:featuredmedia":[{"embeddable":true,"href":"https:\/\/ledenonciateur224.com\/index.php\/wp-json\/wp\/v2\/media\/1043"}],"wp:attachment":[{"href":"https:\/\/ledenonciateur224.com\/index.php\/wp-json\/wp\/v2\/media?parent=2078"}],"wp:term":[{"taxonomy":"category","embeddable":true,"href":"https:\/\/ledenonciateur224.com\/index.php\/wp-json\/wp\/v2\/categories?post=2078"},{"taxonomy":"post_tag","embeddable":true,"href":"https:\/\/ledenonciateur224.com\/index.php\/wp-json\/wp\/v2\/tags?post=2078"}],"curies":[{"name":"wp","href":"https:\/\/api.w.org\/{rel}","templated":true}]}}