{"id":2080,"date":"2025-03-27T11:38:54","date_gmt":"2025-03-27T11:38:54","guid":{"rendered":"https:\/\/ledenonciateur224.com\/?p=2080"},"modified":"2025-03-27T11:38:54","modified_gmt":"2025-03-27T11:38:54","slug":"aid-el-fitr-2025-le-sgar-annonce-la-date-de-la-celebration-et-designe-les-officiants-pour-les-prieres","status":"publish","type":"post","link":"https:\/\/ledenonciateur224.com\/index.php\/aid-el-fitr-2025-le-sgar-annonce-la-date-de-la-celebration-et-designe-les-officiants-pour-les-prieres\/","title":{"rendered":"A\u00efd El Fitr 2025 : Le SGAR annonce la date de la c\u00e9l\u00e9bration et d\u00e9signe les officiants pour les pri\u00e8res"},"content":{"rendered":"<p>Le Secr\u00e9tariat G\u00e9n\u00e9ral des Affaires Religieuses (SGAR) a annonc\u00e9 que la f\u00eate de l\u2019A\u00efd El Fitr, marquant la fin du mois sacr\u00e9 du Ramadan, sera c\u00e9l\u00e9br\u00e9e le dimanche 30 mars 2025 sur toute l\u2019\u00e9tendue du territoire national guin\u00e9en. \u00c0 cette occasion, des personnalit\u00e9s religieuses ont \u00e9t\u00e9 d\u00e9sign\u00e9es pour officier les pri\u00e8res dans les diff\u00e9rents lieux de rassemblement \u00e0 travers le pays.<\/p>\n<p>Le SGAR a exprim\u00e9 sa gratitude envers Dieu pour avoir permis \u00e0 la communaut\u00e9 musulmane de Guin\u00e9e de vivre ce mois b\u00e9ni dans la paix et la d\u00e9votion. Il a \u00e9galement adress\u00e9 ses v\u0153ux les plus chaleureux \u00e0 tous les musulmans du pays, leur souhaitant une f\u00eate joyeuse et remplie de b\u00e9n\u00e9dictions. Cette annonce marque un moment de grande importance pour les fid\u00e8les, qui se rassemblent pour c\u00e9l\u00e9brer la fin du Ramadan et renforcer les liens communautaires.<\/p>\n<p><img loading=\"lazy\" decoding=\"async\" class=\"alignnone size-full wp-image-2081\" src=\"https:\/\/ledenonciateur224.com\/wp-content\/uploads\/2025\/03\/fete-calendrier-2.jpg\" alt=\"\" width=\"732\" height=\"1080\" srcset=\"https:\/\/ledenonciateur224.com\/wp-content\/uploads\/2025\/03\/fete-calendrier-2.jpg 732w, https:\/\/ledenonciateur224.com\/wp-content\/uploads\/2025\/03\/fete-calendrier-2-203x300.jpg 203w, https:\/\/ledenonciateur224.com\/wp-content\/uploads\/2025\/03\/fete-calendrier-2-694x1024.jpg 694w, https:\/\/ledenonciateur224.com\/wp-content\/uploads\/2025\/03\/fete-calendrier-2-150x221.jpg 150w, https:\/\/ledenonciateur224.com\/wp-content\/uploads\/2025\/03\/fete-calendrier-2-300x443.jpg 300w, https:\/\/ledenonciateur224.com\/wp-content\/uploads\/2025\/03\/fete-calendrier-2-696x1027.jpg 696w, https:\/\/ledenonciateur224.com\/wp-content\/uploads\/2025\/03\/fete-calendrier-2-285x420.jpg 285w\" sizes=\"auto, (max-width: 732px) 100vw, 732px\" \/><\/p>\n<p><img loading=\"lazy\" decoding=\"async\" class=\"alignnone size-full wp-image-2082\" src=\"https:\/\/ledenonciateur224.com\/wp-content\/uploads\/2025\/03\/fb-img-1743039153525.jpg\" alt=\"\" width=\"956\" height=\"1440\" srcset=\"https:\/\/ledenonciateur224.com\/wp-content\/uploads\/2025\/03\/fb-img-1743039153525.jpg 956w, https:\/\/ledenonciateur224.com\/wp-content\/uploads\/2025\/03\/fb-img-1743039153525-199x300.jpg 199w, https:\/\/ledenonciateur224.com\/wp-content\/uploads\/2025\/03\/fb-img-1743039153525-680x1024.jpg 680w, https:\/\/ledenonciateur224.com\/wp-content\/uploads\/2025\/03\/fb-img-1743039153525-768x1157.jpg 768w, https:\/\/ledenonciateur224.com\/wp-content\/uploads\/2025\/03\/fb-img-1743039153525-150x226.jpg 150w, https:\/\/ledenonciateur224.com\/wp-content\/uploads\/2025\/03\/fb-img-1743039153525-300x452.jpg 300w, https:\/\/ledenonciateur224.com\/wp-content\/uploads\/2025\/03\/fb-img-1743039153525-696x1048.jpg 696w, https:\/\/ledenonciateur224.com\/wp-content\/uploads\/2025\/03\/fb-img-1743039153525-279x420.jpg 279w\" sizes=\"auto, (max-width: 956px) 100vw, 956px\" \/><\/p>\n<p><img loading=\"lazy\" decoding=\"async\" class=\"alignnone size-full wp-image-2083\" src=\"https:\/\/ledenonciateur224.com\/wp-content\/uploads\/2025\/03\/fb-img-1743039150590.jpg\" alt=\"\" width=\"954\" height=\"1440\" srcset=\"https:\/\/ledenonciateur224.com\/wp-content\/uploads\/2025\/03\/fb-img-1743039150590.jpg 954w, https:\/\/ledenonciateur224.com\/wp-content\/uploads\/2025\/03\/fb-img-1743039150590-199x300.jpg 199w, https:\/\/ledenonciateur224.com\/wp-content\/uploads\/2025\/03\/fb-img-1743039150590-678x1024.jpg 678w, https:\/\/ledenonciateur224.com\/wp-content\/uploads\/2025\/03\/fb-img-1743039150590-768x1159.jpg 768w, https:\/\/ledenonciateur224.com\/wp-content\/uploads\/2025\/03\/fb-img-1743039150590-150x226.jpg 150w, https:\/\/ledenonciateur224.com\/wp-content\/uploads\/2025\/03\/fb-img-1743039150590-300x453.jpg 300w, https:\/\/ledenonciateur224.com\/wp-content\/uploads\/2025\/03\/fb-img-1743039150590-696x1051.jpg 696w, https:\/\/ledenonciateur224.com\/wp-content\/uploads\/2025\/03\/fb-img-1743039150590-278x420.jpg 278w\" sizes=\"auto, (max-width: 954px) 100vw, 954px\" \/><\/p>\n","protected":false},"excerpt":{"rendered":"<p>Le Secr\u00e9tariat G\u00e9n\u00e9ral des Affaires Religieuses (SGAR) a annonc\u00e9 que la f\u00eate de l\u2019A\u00efd El Fitr, marquant la fin du mois sacr\u00e9 du Ramadan, sera c\u00e9l\u00e9br\u00e9e le dimanche 30 mars 2025 sur toute l\u2019\u00e9tendue du territoire national guin\u00e9en. \u00c0 cette occasion, des personnalit\u00e9s religieuses ont \u00e9t\u00e9 d\u00e9sign\u00e9es pour officier les pri\u00e8res dans les diff\u00e9rents lieux [&hellip;]<\/p>\n","protected":false},"author":2,"featured_media":1665,"comment_status":"open","ping_status":"open","sticky":false,"template":"","format":"standard","meta":{"_jetpack_memberships_contains_paid_content":false,"footnotes":"","jetpack_publicize_message":"","jetpack_publicize_feature_enabled":true,"jetpack_social_post_already_shared":true,"jetpack_social_options":{"image_generator_settings":{"template":"highway","default_image_id":0,"font":"","enabled":false},"version":2}},"categories":[30,24],"tags":[546,547,35],"class_list":{"0":"post-2080","1":"post","2":"type-post","3":"status-publish","4":"format-standard","5":"has-post-thumbnail","7":"category-faits-divers","8":"category-news","9":"tag-fete-de-ramadan","10":"tag-fideles-musulmans","11":"tag-guinee"},"jetpack_publicize_connections":[],"jetpack_featured_media_url":"https:\/\/ledenonciateur224.com\/wp-content\/uploads\/2025\/02\/fb-img-1740775894857-1.jpg","jetpack_sharing_enabled":true,"_links":{"self":[{"href":"https:\/\/ledenonciateur224.com\/index.php\/wp-json\/wp\/v2\/posts\/2080","targetHints":{"allow":["GET"]}}],"collection":[{"href":"https:\/\/ledenonciateur224.com\/index.php\/wp-json\/wp\/v2\/posts"}],"about":[{"href":"https:\/\/ledenonciateur224.com\/index.php\/wp-json\/wp\/v2\/types\/post"}],"author":[{"embeddable":true,"href":"https:\/\/ledenonciateur224.com\/index.php\/wp-json\/wp\/v2\/users\/2"}],"replies":[{"embeddable":true,"href":"https:\/\/ledenonciateur224.com\/index.php\/wp-json\/wp\/v2\/comments?post=2080"}],"version-history":[{"count":0,"href":"https:\/\/ledenonciateur224.com\/index.php\/wp-json\/wp\/v2\/posts\/2080\/revisions"}],"wp:featuredmedia":[{"embeddable":true,"href":"https:\/\/ledenonciateur224.com\/index.php\/wp-json\/wp\/v2\/media\/1665"}],"wp:attachment":[{"href":"https:\/\/ledenonciateur224.com\/index.php\/wp-json\/wp\/v2\/media?parent=2080"}],"wp:term":[{"taxonomy":"category","embeddable":true,"href":"https:\/\/ledenonciateur224.com\/index.php\/wp-json\/wp\/v2\/categories?post=2080"},{"taxonomy":"post_tag","embeddable":true,"href":"https:\/\/ledenonciateur224.com\/index.php\/wp-json\/wp\/v2\/tags?post=2080"}],"curies":[{"name":"wp","href":"https:\/\/api.w.org\/{rel}","templated":true}]}}