{"id":2085,"date":"2025-03-27T11:53:56","date_gmt":"2025-03-27T11:53:56","guid":{"rendered":"https:\/\/ledenonciateur224.com\/?p=2085"},"modified":"2025-03-27T11:53:56","modified_gmt":"2025-03-27T11:53:56","slug":"letat-guineen-prend-en-charge-lindemnisation-des-victimes-du-28-septembre-2009-un-decret-du-president-doumbouya-annonce-a-la-television","status":"publish","type":"post","link":"https:\/\/ledenonciateur224.com\/index.php\/letat-guineen-prend-en-charge-lindemnisation-des-victimes-du-28-septembre-2009-un-decret-du-president-doumbouya-annonce-a-la-television\/","title":{"rendered":"L\u2019\u00c9tat guin\u00e9en prend en charge l\u2019indemnisation des victimes du 28 septembre 2009 : Un d\u00e9cret du Pr\u00e9sident Doumbouya annonc\u00e9 \u00e0 la t\u00e9l\u00e9vision"},"content":{"rendered":"<p>Le 26 mars 2025, le Chef de l&rsquo;\u00c9tat a sign\u00e9 un d\u00e9cret majeur annon\u00e7ant que l&rsquo;\u00c9tat guin\u00e9en prendra en charge l&rsquo;indemnisation des victimes des \u00e9v\u00e9nements tragiques du 28 septembre 2009, en se substituant aux condamn\u00e9s. Cette mesure sera financ\u00e9e \u00e0 travers le Budget National de D\u00e9veloppement (BND), une initiative qui marque un tournant dans la gestion des cons\u00e9quences de ce massacre.<\/p>\n<p>&nbsp;<\/p>\n<p>L\u2019annonce a \u00e9t\u00e9 faite \u00e0 la t\u00e9l\u00e9vision nationale, provoquant un r\u00e9el soulagement chez les avocats de la partie civile, qui ont salu\u00e9 cette d\u00e9cision comme un pas important vers la r\u00e9paration des pr\u00e9judices inflig\u00e9s aux victimes. Ce d\u00e9cret refl\u00e8te la volont\u00e9 de l&rsquo;\u00c9tat de garantir justice sociale et r\u00e9paration, tout en renfor\u00e7ant la confiance des citoyens dans les actions du gouvernement.<\/p>\n<div dir=\"auto\"><\/div>\n<div dir=\"auto\">\u00ab C\u2019est un vrai soulagement pour nous les avocats et aussi les organisations qui accompagnent ces victimes depuis plus de 15 ans, mais \u00e9galement \u00e7a le sera pour les victimes parce que depuis plus de 15 ans, on attend d\u2019avoir la justice. On a eu un jugement, mais depuis, on \u00e9tait dans l\u2019incertitude totale quant \u00e0 l\u2019indemnisation des victimes parce que les personnes qui ont \u00e9t\u00e9 condamn\u00e9es ne pouvaient pas prendre en charge cette indemnisation puisque la plupart n\u2019ont pas les moyens et d\u2019autres ont des biens qui sont un peu diss\u00e9min\u00e9s un peu partout, qu\u2019on ne retrouvait pas. Donc c\u2019est une excellente nouvelle que le gouvernement d\u00e9cide de prendre en charge cette indemnisation. C\u2019est la premi\u00e8re fois dans l\u2019histoire politique de notre pays depuis l\u2019ind\u00e9pendance qu\u2019un gouvernement d\u00e9cide de prendre en charge l\u2019indemnisation des victimes des violations graves des droits de l\u2019homme. Donc c\u2019est un vrai soulagement \u00bb, s\u2019est f\u00e9licit\u00e9 Me Amadou DS Bah \u00e0 chaud dans l&rsquo;\u00e9mission Les Grosses T\u00eates de la radio Tropicale FM.<\/div>\n<div dir=\"auto\"><\/div>\n<div dir=\"auto\"><\/div>\n<div dir=\"auto\">La d\u00e9cision est prise. Le coordinateur des avocats de la partie civile attend d\u00e9sormais que celle-ci se traduise en acte concret pour le bonheur des victimes.<\/div>\n<div dir=\"auto\"><\/div>\n<div dir=\"auto\">\u00ab Nous attendons d\u00e9sormais que des mesures concr\u00e8tes soient adoss\u00e9es \u00e0 ce d\u00e9cret pour que des textes d\u2019application soient pris, qu\u2019une cellule soit cr\u00e9\u00e9e en tout cas un organe pour chapeauter tout ce processus. Parce que c\u2019est un processus qui est important, parce que les montants sont significatifs et s\u2019ils doivent \u00eatre pris en charge dans le budget national c\u2019est une bonne chose. Maintenant on attend la faisabilit\u00e9 de tout \u00e7a. Mais d\u2019embl\u00e9e nous sommes satisfaits et en tout cas reconnaissants envers le gouvernement d\u2019avoir pris cette d\u00e9cision \u00bb, a-t-il r\u00e9it\u00e9r\u00e9.<\/div>\n<div dir=\"auto\"><\/div>\n<div dir=\"auto\">Dans le d\u00e9cret, les autorit\u00e9s pr\u00e9cisent avoir pris cette d\u00e9cision dans un souci de justice sociale. Me Alpha Amadou DS Bah en convient avec elles.<\/div>\n<div dir=\"auto\"><\/div>\n<div dir=\"auto\">\u00ab C\u2019est une vision nationale. Parce que si nous prenons les auteurs de ces massacres l\u00e0, ce sont des personnes qui ont agi sous le couvert de l\u2019Etat c\u2019est-\u00e0-dire ce sont des commis de l\u2019Etat qui ont utilis\u00e9 les services de l\u2019Etat, les moyens de l\u2019Etat pour commettre ces graves violations des droits de l\u2019homme. Donc ce n\u2019est que justice rendue par rapport aux victimes parce que<\/div>\n<div dir=\"auto\">sans les moyens de l\u2019Etat, sans les fonctions<\/div>\n<div dir=\"auto\">qu\u2019ils occupaient, ils n\u2019auraient pas pu commettre de telles exactions contre le peuple de Guin\u00e9e. Donc aujourd\u2019hui si le m\u00eame \u00c9tat, puisque c\u2019est la continuit\u00e9 d\u00e9cide de prendre en charge ses victimes, je pense que ce n\u2019est que justice \u00bb, a expliqu\u00e9 Me DS<\/div>\n<div dir=\"auto\"><\/div>\n<div dir=\"auto\">N&rsquo;sira Sylla<\/div>\n","protected":false},"excerpt":{"rendered":"<p>Le 26 mars 2025, le Chef de l&rsquo;\u00c9tat a sign\u00e9 un d\u00e9cret majeur annon\u00e7ant que l&rsquo;\u00c9tat guin\u00e9en prendra en charge l&rsquo;indemnisation des victimes des \u00e9v\u00e9nements tragiques du 28 septembre 2009, en se substituant aux condamn\u00e9s. Cette mesure sera financ\u00e9e \u00e0 travers le Budget National de D\u00e9veloppement (BND), une initiative qui marque un tournant dans la [&hellip;]<\/p>\n","protected":false},"author":2,"featured_media":2086,"comment_status":"open","ping_status":"open","sticky":false,"template":"","format":"standard","meta":{"_jetpack_memberships_contains_paid_content":false,"footnotes":"","jetpack_publicize_message":"","jetpack_publicize_feature_enabled":true,"jetpack_social_post_already_shared":true,"jetpack_social_options":{"image_generator_settings":{"template":"highway","default_image_id":0,"font":"","enabled":false},"version":2}},"categories":[30,24],"tags":[549,548,35],"class_list":{"0":"post-2085","1":"post","2":"type-post","3":"status-publish","4":"format-standard","5":"has-post-thumbnail","7":"category-faits-divers","8":"category-news","9":"tag-evenements-du-28-septembre","10":"tag-victimes-du-massacre","11":"tag-guinee"},"jetpack_publicize_connections":[],"jetpack_featured_media_url":"https:\/\/ledenonciateur224.com\/wp-content\/uploads\/2025\/03\/file-20231025-17-cgdrsz.jpeg","jetpack_sharing_enabled":true,"_links":{"self":[{"href":"https:\/\/ledenonciateur224.com\/index.php\/wp-json\/wp\/v2\/posts\/2085","targetHints":{"allow":["GET"]}}],"collection":[{"href":"https:\/\/ledenonciateur224.com\/index.php\/wp-json\/wp\/v2\/posts"}],"about":[{"href":"https:\/\/ledenonciateur224.com\/index.php\/wp-json\/wp\/v2\/types\/post"}],"author":[{"embeddable":true,"href":"https:\/\/ledenonciateur224.com\/index.php\/wp-json\/wp\/v2\/users\/2"}],"replies":[{"embeddable":true,"href":"https:\/\/ledenonciateur224.com\/index.php\/wp-json\/wp\/v2\/comments?post=2085"}],"version-history":[{"count":0,"href":"https:\/\/ledenonciateur224.com\/index.php\/wp-json\/wp\/v2\/posts\/2085\/revisions"}],"wp:featuredmedia":[{"embeddable":true,"href":"https:\/\/ledenonciateur224.com\/index.php\/wp-json\/wp\/v2\/media\/2086"}],"wp:attachment":[{"href":"https:\/\/ledenonciateur224.com\/index.php\/wp-json\/wp\/v2\/media?parent=2085"}],"wp:term":[{"taxonomy":"category","embeddable":true,"href":"https:\/\/ledenonciateur224.com\/index.php\/wp-json\/wp\/v2\/categories?post=2085"},{"taxonomy":"post_tag","embeddable":true,"href":"https:\/\/ledenonciateur224.com\/index.php\/wp-json\/wp\/v2\/tags?post=2085"}],"curies":[{"name":"wp","href":"https:\/\/api.w.org\/{rel}","templated":true}]}}