{"id":2088,"date":"2025-03-27T12:38:14","date_gmt":"2025-03-27T12:38:14","guid":{"rendered":"https:\/\/ledenonciateur224.com\/?p=2088"},"modified":"2025-03-27T12:38:14","modified_gmt":"2025-03-27T12:38:14","slug":"aid-el-fitr-2025-le-sgar-dement-la-date-erronee-diffusee-sur-les-reseaux-sociaux","status":"publish","type":"post","link":"https:\/\/ledenonciateur224.com\/index.php\/aid-el-fitr-2025-le-sgar-dement-la-date-erronee-diffusee-sur-les-reseaux-sociaux\/","title":{"rendered":"A\u00efd El Fitr 2025 : Le SGAR d\u00e9ment la date erron\u00e9e diffus\u00e9e sur les r\u00e9seaux sociaux"},"content":{"rendered":"<p>Le Secr\u00e9tariat G\u00e9n\u00e9ral des Affaires Religieuses (SGAR) a r\u00e9cemment d\u00e9menti la date de l\u2019A\u00efd El Fitr, annonc\u00e9e par certains internautes pour le dimanche 30 mars 2025. Alors que les autorit\u00e9s religieuses se pr\u00e9paraient \u00e0 officialiser la date en fonction de l&rsquo;observation lunaire, elles ont \u00e9t\u00e9 prises de court par la propagation de cette information non confirm\u00e9e sur les r\u00e9seaux sociaux. Le directeur de cabinet du SGAR a tenu \u00e0 clarifier la situation.<\/p>\n<p>\u00ab\u00a0<em>Comme vous le savez, aujourd\u2019hui, jeudi, est un jour f\u00e9ri\u00e9. Nous avons donc d\u00fb travailler hier. Avant-hier d\u00e9j\u00e0, nous avions commenc\u00e9, et hier, nous avons finalis\u00e9. Voil\u00e0 pourquoi la date du 25 appara\u00eet sur le document. Ce dernier est authentique.<\/em><\/p>\n<p><em>Toutefois, nous l\u2019avons r\u00e9dig\u00e9 en deux versions : une premi\u00e8re page mentionne \u00ab dimanche 30 mars \u00bb et un second document indique \u00ab lundi 31 mars \u00bb. Deux d\u00e9clarations du ministre ont \u00e9galement \u00e9t\u00e9 enregistr\u00e9es mercredi, l\u2019une \u00e9voquant le 30 et l\u2019autre le 31. Malheureusement, ces d\u00e9clarations se sont retrouv\u00e9es sur la place publique.\u00a0<\/em><\/p>\n<p>Le SGAR a pr\u00e9cis\u00e9 que, selon les pr\u00e9ceptes islamiques, la fin du mois de Ramadan sera d\u00e9termin\u00e9e par l&rsquo;observation du croissant lunaire. \u00c0 cet effet, un Comit\u00e9 d\u2019Observation du Croissant Lunaire se r\u00e9unira ce samedi soir \u00e0 la RTG, lors de la \u00ab nuit du doute \u00bb, pour proc\u00e9der \u00e0 cette observation et faire l\u2019annonce officielle de la date de l\u2019A\u00efd.<\/p>\n<p>Le SGAR a \u00e9galement exhort\u00e9 la population \u00e0 rester calme, \u00e0 poursuivre le je\u00fbne avec d\u00e9vouement et foi, et \u00e0 respecter la discipline qui a marqu\u00e9 ce mois b\u00e9ni. Le secr\u00e9tariat a conclu son message en remerciant le peuple de Guin\u00e9e pour son engagement et son respect des valeurs religieuses, tout en invoquant la b\u00e9n\u00e9diction divine pour le pays. \u00ab Qu\u2019Allah accepte nos pri\u00e8res, b\u00e9nisse notre pays et nous comble de Sa mis\u00e9ricorde \u00bb, a-t-il ajout\u00e9.<\/p>\n<p>&nbsp;<\/p>\n<p>Ledenonciateur224.com<\/p>\n","protected":false},"excerpt":{"rendered":"<p>Le Secr\u00e9tariat G\u00e9n\u00e9ral des Affaires Religieuses (SGAR) a r\u00e9cemment d\u00e9menti la date de l\u2019A\u00efd El Fitr, annonc\u00e9e par certains internautes pour le dimanche 30 mars 2025. Alors que les autorit\u00e9s religieuses se pr\u00e9paraient \u00e0 officialiser la date en fonction de l&rsquo;observation lunaire, elles ont \u00e9t\u00e9 prises de court par la propagation de cette information non [&hellip;]<\/p>\n","protected":false},"author":2,"featured_media":2089,"comment_status":"open","ping_status":"open","sticky":false,"template":"","format":"standard","meta":{"_jetpack_memberships_contains_paid_content":false,"footnotes":"","jetpack_publicize_message":"","jetpack_publicize_feature_enabled":true,"jetpack_social_post_already_shared":true,"jetpack_social_options":{"image_generator_settings":{"template":"highway","default_image_id":0,"font":"","enabled":false},"version":2}},"categories":[30,24],"tags":[546,379,35],"class_list":{"0":"post-2088","1":"post","2":"type-post","3":"status-publish","4":"format-standard","5":"has-post-thumbnail","7":"category-faits-divers","8":"category-news","9":"tag-fete-de-ramadan","10":"tag-affaire-religieuse","11":"tag-guinee"},"jetpack_publicize_connections":[],"jetpack_featured_media_url":"https:\/\/ledenonciateur224.com\/wp-content\/uploads\/2025\/03\/mos-768x576-1.jpg","jetpack_sharing_enabled":true,"_links":{"self":[{"href":"https:\/\/ledenonciateur224.com\/index.php\/wp-json\/wp\/v2\/posts\/2088","targetHints":{"allow":["GET"]}}],"collection":[{"href":"https:\/\/ledenonciateur224.com\/index.php\/wp-json\/wp\/v2\/posts"}],"about":[{"href":"https:\/\/ledenonciateur224.com\/index.php\/wp-json\/wp\/v2\/types\/post"}],"author":[{"embeddable":true,"href":"https:\/\/ledenonciateur224.com\/index.php\/wp-json\/wp\/v2\/users\/2"}],"replies":[{"embeddable":true,"href":"https:\/\/ledenonciateur224.com\/index.php\/wp-json\/wp\/v2\/comments?post=2088"}],"version-history":[{"count":0,"href":"https:\/\/ledenonciateur224.com\/index.php\/wp-json\/wp\/v2\/posts\/2088\/revisions"}],"wp:featuredmedia":[{"embeddable":true,"href":"https:\/\/ledenonciateur224.com\/index.php\/wp-json\/wp\/v2\/media\/2089"}],"wp:attachment":[{"href":"https:\/\/ledenonciateur224.com\/index.php\/wp-json\/wp\/v2\/media?parent=2088"}],"wp:term":[{"taxonomy":"category","embeddable":true,"href":"https:\/\/ledenonciateur224.com\/index.php\/wp-json\/wp\/v2\/categories?post=2088"},{"taxonomy":"post_tag","embeddable":true,"href":"https:\/\/ledenonciateur224.com\/index.php\/wp-json\/wp\/v2\/tags?post=2088"}],"curies":[{"name":"wp","href":"https:\/\/api.w.org\/{rel}","templated":true}]}}