{"id":2115,"date":"2025-03-28T18:35:50","date_gmt":"2025-03-28T18:35:50","guid":{"rendered":"https:\/\/ledenonciateur224.com\/?p=2115"},"modified":"2025-03-28T18:35:50","modified_gmt":"2025-03-28T18:35:50","slug":"le-premier-ministre-lance-la-transformation-de-lancienne-usine-entag-en-zone-industrielle-moderne","status":"publish","type":"post","link":"https:\/\/ledenonciateur224.com\/index.php\/le-premier-ministre-lance-la-transformation-de-lancienne-usine-entag-en-zone-industrielle-moderne\/","title":{"rendered":"Le Premier Ministre lance la transformation de l&rsquo;ancienne usine ENTAG en zone industrielle moderne"},"content":{"rendered":"<p>Apr\u00e8s 25 ans d&rsquo;inactivit\u00e9, l&rsquo;ancienne usine de tabac ENTAG s&rsquo;appr\u00eate \u00e0 conna\u00eetre une transformation majeure. Le projet pr\u00e9voit la construction d&rsquo;un Cluster Agro-Industriel d\u00e9di\u00e9 aux micro-industries et coop\u00e9ratives artisanales. Initi\u00e9e par le ministre du Commerce, de l&rsquo;Industrie et des PME, Dre Diaka Sidib\u00e9, cette initiative vise \u00e0 faire de l&rsquo;ancienne unit\u00e9 un p\u00f4le agro-industriel moderne, ax\u00e9 sur les PME\/PMI du secteur agroalimentaire. Lors de la c\u00e9r\u00e9monie de lancement des travaux, jeudi 27 mars, Dre Sidib\u00e9 a soulign\u00e9 l&rsquo;importance strat\u00e9gique de ce projet pour la Guin\u00e9e, qui s&rsquo;inscrit dans la vision Simandou 2040 et la strat\u00e9gie nationale de souverainet\u00e9 industrielle, port\u00e9e par le pr\u00e9sident de la R\u00e9publique.<\/p>\n<p><img loading=\"lazy\" decoding=\"async\" class=\"alignnone size-full wp-image-2117\" src=\"https:\/\/ledenonciateur224.com\/wp-content\/uploads\/2025\/03\/img-20250327-wa0009.jpg\" alt=\"\" width=\"1080\" height=\"720\" srcset=\"https:\/\/ledenonciateur224.com\/wp-content\/uploads\/2025\/03\/img-20250327-wa0009.jpg 1080w, https:\/\/ledenonciateur224.com\/wp-content\/uploads\/2025\/03\/img-20250327-wa0009-300x200.jpg 300w, https:\/\/ledenonciateur224.com\/wp-content\/uploads\/2025\/03\/img-20250327-wa0009-1024x683.jpg 1024w, https:\/\/ledenonciateur224.com\/wp-content\/uploads\/2025\/03\/img-20250327-wa0009-768x512.jpg 768w, https:\/\/ledenonciateur224.com\/wp-content\/uploads\/2025\/03\/img-20250327-wa0009-150x100.jpg 150w, https:\/\/ledenonciateur224.com\/wp-content\/uploads\/2025\/03\/img-20250327-wa0009-696x464.jpg 696w, https:\/\/ledenonciateur224.com\/wp-content\/uploads\/2025\/03\/img-20250327-wa0009-1068x712.jpg 1068w, https:\/\/ledenonciateur224.com\/wp-content\/uploads\/2025\/03\/img-20250327-wa0009-630x420.jpg 630w\" sizes=\"auto, (max-width: 1080px) 100vw, 1080px\" \/><\/p>\n<p>Sp\u00e9cifiquement, ce Cluster favorisera la transformation locale des produits agricoles, la cr\u00e9ation d\u2019emplois et l\u2019essor des entreprises locales.<\/p>\n<div dir=\"auto\"><ins><\/p>\n<div><\/div>\n<p><\/ins><\/div>\n<p>C\u2019est un projet qui g\u00e9n\u00e9rera des b\u00e9n\u00e9fices majeurs, dont entre autres : la cr\u00e9ation d\u2019un cadre industriel accessible, moderne et partag\u00e9, pour les PME\/PMI op\u00e9rant dans l\u2019agroalimentaire ; la r\u00e9duction des co\u00fbts d\u2019exploitation \u00e0 travers la mutualisation des infrastructures et \u00e9quipements ; le soutien \u00e0 l\u2019insertion des coop\u00e9ratives de femmes et de jeunes entrepreneurs dans les cha\u00eenes de valeur industrielles ; l\u2019accompagnement des PME\/PMI dans la conformit\u00e9 aux normes de qualit\u00e9, d\u2019hygi\u00e8ne et de s\u00e9curit\u00e9 ; la structuration d\u2019une plateforme d\u2019acc\u00e8s aux march\u00e9s, aux financements et aux comp\u00e9tences.<\/p>\n<p>Cette vision novatrice, initi\u00e9e par Madame la Ministre Dre Diaka Sidib\u00e9 et soutenue par le Chef de l\u2019\u00c9tat, G\u00e9n\u00e9ral Mamadi Doumbouya, place l\u2019\u00e9conomie productive et la transformation locale au c\u0153ur de son action.<\/p>\n<p>Le site, une fois r\u00e9nov\u00e9, offrira une capacit\u00e9 d\u2019accueil de 12 micro-industries, avec des infrastructures pens\u00e9es pour la productivit\u00e9, la s\u00e9curit\u00e9 et la mont\u00e9e en comp\u00e9tences :<\/p>\n<p>Il comprendra entre autres : 12 ateliers de production ; 12 entrep\u00f4ts privatifs ; 1 zone de stockage commune ; des espaces administratifs partag\u00e9s ; 1 salle de r\u00e9union et de coworking ; 1 aire de restauration et de repos ; 1 espace de traitement des d\u00e9chets ; 1 salle de formation technique.<\/p>\n<p>Plus qu\u2019une infrastructure r\u00e9nov\u00e9e, l\u2019op\u00e9rationnalisation de ce cluster aura un fort impact pour l\u2019\u00e9mancipation des jeunes entreprises guin\u00e9ennes, avec :<\/p>\n<p>* 1 000 emplois directs et indirects cr\u00e9\u00e9s<\/p>\n<p>* 12 TPE accompagn\u00e9es d\u00e8s la premi\u00e8re phase<\/p>\n<p>* Une mont\u00e9e en gamme des produits locaux<\/p>\n<p>* Moins d\u2019importations, plus de production nationale<\/p>\n<p>* Un levier pour la comp\u00e9titivit\u00e9 des PME\/PMI guin\u00e9ennes.<\/p>\n<p>Il est \u00e0 pr\u00e9ciser que cette initiative est la premi\u00e8re d\u2019une longue liste de projets de r\u00e9habilitation des anciennes usines sur tout le territoire guin\u00e9en. Elle permettra d\u2019insuffler une nouvelle dynamique \u00e9conomique \u00e0 travers l\u2019emploi, l\u2019innovation et la transformation des cha\u00eenes de valeur locales.<\/p>\n","protected":false},"excerpt":{"rendered":"<p>Apr\u00e8s 25 ans d&rsquo;inactivit\u00e9, l&rsquo;ancienne usine de tabac ENTAG s&rsquo;appr\u00eate \u00e0 conna\u00eetre une transformation majeure. Le projet pr\u00e9voit la construction d&rsquo;un Cluster Agro-Industriel d\u00e9di\u00e9 aux micro-industries et coop\u00e9ratives artisanales. Initi\u00e9e par le ministre du Commerce, de l&rsquo;Industrie et des PME, Dre Diaka Sidib\u00e9, cette initiative vise \u00e0 faire de l&rsquo;ancienne unit\u00e9 un p\u00f4le agro-industriel moderne, [&hellip;]<\/p>\n","protected":false},"author":2,"featured_media":2116,"comment_status":"open","ping_status":"open","sticky":false,"template":"","format":"standard","meta":{"_jetpack_memberships_contains_paid_content":false,"footnotes":"","jetpack_publicize_message":"","jetpack_publicize_feature_enabled":true,"jetpack_social_post_already_shared":true,"jetpack_social_options":{"image_generator_settings":{"template":"highway","default_image_id":0,"font":"","enabled":false},"version":2}},"categories":[29,24],"tags":[557,556,555,178],"class_list":{"0":"post-2115","1":"post","2":"type-post","3":"status-publish","4":"format-standard","5":"has-post-thumbnail","7":"category-economie","8":"category-news","9":"tag-guineen","10":"tag-industrie","11":"tag-industrielle","12":"tag-gouvernement"},"jetpack_publicize_connections":[],"jetpack_featured_media_url":"https:\/\/ledenonciateur224.com\/wp-content\/uploads\/2025\/03\/img-20250327-wa0008.jpg","jetpack_sharing_enabled":true,"_links":{"self":[{"href":"https:\/\/ledenonciateur224.com\/index.php\/wp-json\/wp\/v2\/posts\/2115","targetHints":{"allow":["GET"]}}],"collection":[{"href":"https:\/\/ledenonciateur224.com\/index.php\/wp-json\/wp\/v2\/posts"}],"about":[{"href":"https:\/\/ledenonciateur224.com\/index.php\/wp-json\/wp\/v2\/types\/post"}],"author":[{"embeddable":true,"href":"https:\/\/ledenonciateur224.com\/index.php\/wp-json\/wp\/v2\/users\/2"}],"replies":[{"embeddable":true,"href":"https:\/\/ledenonciateur224.com\/index.php\/wp-json\/wp\/v2\/comments?post=2115"}],"version-history":[{"count":0,"href":"https:\/\/ledenonciateur224.com\/index.php\/wp-json\/wp\/v2\/posts\/2115\/revisions"}],"wp:featuredmedia":[{"embeddable":true,"href":"https:\/\/ledenonciateur224.com\/index.php\/wp-json\/wp\/v2\/media\/2116"}],"wp:attachment":[{"href":"https:\/\/ledenonciateur224.com\/index.php\/wp-json\/wp\/v2\/media?parent=2115"}],"wp:term":[{"taxonomy":"category","embeddable":true,"href":"https:\/\/ledenonciateur224.com\/index.php\/wp-json\/wp\/v2\/categories?post=2115"},{"taxonomy":"post_tag","embeddable":true,"href":"https:\/\/ledenonciateur224.com\/index.php\/wp-json\/wp\/v2\/tags?post=2115"}],"curies":[{"name":"wp","href":"https:\/\/api.w.org\/{rel}","templated":true}]}}