{"id":2119,"date":"2025-03-28T22:52:26","date_gmt":"2025-03-28T22:52:26","guid":{"rendered":"https:\/\/ledenonciateur224.com\/?p=2119"},"modified":"2025-03-28T22:52:26","modified_gmt":"2025-03-28T22:52:26","slug":"decret-le-president-de-la-transition-accorde-la-grace-au-capitaine-moussa-dadis-camara","status":"publish","type":"post","link":"https:\/\/ledenonciateur224.com\/index.php\/decret-le-president-de-la-transition-accorde-la-grace-au-capitaine-moussa-dadis-camara\/","title":{"rendered":"D\u00e9cret : le Pr\u00e9sident de la transition accorde la gr\u00e2ce au capitaine Moussa Dadis Camara"},"content":{"rendered":"<p>Une d\u00e9cision majeure a \u00e9t\u00e9 prise ce vendredi 28 mars 2025. Le pr\u00e9sident de la transition a sign\u00e9 un d\u00e9cret accordant la gr\u00e2ce pr\u00e9sidentielle au capitaine Moussa Dadis Camara, pour des raisons de sant\u00e9.<\/p>\n<p>La gr\u00e2ce a \u00e9t\u00e9 accord\u00e9e sur la proposition du ministre de la Justice et des Droits de l\u2019Homme, qui a pr\u00e9cis\u00e9 que le garde des sceaux est d\u00e9sormais charg\u00e9 de veiller \u00e0 l\u2019application de ce d\u00e9cret.<\/p>\n<p>Ancien chef de la junte militaire, Moussa Dadis Camara faisait partie des huit personnes condamn\u00e9es \u00e0 l\u2019issue du proc\u00e8s des \u00e9v\u00e9nements tragiques du 28 septembre 2009. L&rsquo;ex-leader de la junte avait \u00e9t\u00e9 condamn\u00e9 \u00e0 20 ans de prison, mais n\u2019a purg\u00e9 que moins de trois ans de d\u00e9tention.<\/p>\n<p>Ledenonciateur224.com<\/p>\n","protected":false},"excerpt":{"rendered":"<p>Une d\u00e9cision majeure a \u00e9t\u00e9 prise ce vendredi 28 mars 2025. Le pr\u00e9sident de la transition a sign\u00e9 un d\u00e9cret accordant la gr\u00e2ce pr\u00e9sidentielle au capitaine Moussa Dadis Camara, pour des raisons de sant\u00e9. La gr\u00e2ce a \u00e9t\u00e9 accord\u00e9e sur la proposition du ministre de la Justice et des Droits de l\u2019Homme, qui a pr\u00e9cis\u00e9 [&hellip;]<\/p>\n","protected":false},"author":2,"featured_media":604,"comment_status":"open","ping_status":"open","sticky":false,"template":"","format":"standard","meta":{"_jetpack_memberships_contains_paid_content":false,"footnotes":"","jetpack_publicize_message":"","jetpack_publicize_feature_enabled":true,"jetpack_social_post_already_shared":true,"jetpack_social_options":{"image_generator_settings":{"template":"highway","default_image_id":0,"font":"","enabled":false},"version":2}},"categories":[30,24],"tags":[558,70,100,35],"class_list":{"0":"post-2119","1":"post","2":"type-post","3":"status-publish","4":"format-standard","5":"has-post-thumbnail","7":"category-faits-divers","8":"category-news","9":"tag-capitaine-moussa-dadis-camara","10":"tag-decret","11":"tag-decret-du-president","12":"tag-guinee"},"jetpack_publicize_connections":[],"jetpack_featured_media_url":"https:\/\/ledenonciateur224.com\/wp-content\/uploads\/2024\/12\/b50565a-1644053795632-dcamara.jpg","jetpack_sharing_enabled":true,"_links":{"self":[{"href":"https:\/\/ledenonciateur224.com\/index.php\/wp-json\/wp\/v2\/posts\/2119","targetHints":{"allow":["GET"]}}],"collection":[{"href":"https:\/\/ledenonciateur224.com\/index.php\/wp-json\/wp\/v2\/posts"}],"about":[{"href":"https:\/\/ledenonciateur224.com\/index.php\/wp-json\/wp\/v2\/types\/post"}],"author":[{"embeddable":true,"href":"https:\/\/ledenonciateur224.com\/index.php\/wp-json\/wp\/v2\/users\/2"}],"replies":[{"embeddable":true,"href":"https:\/\/ledenonciateur224.com\/index.php\/wp-json\/wp\/v2\/comments?post=2119"}],"version-history":[{"count":0,"href":"https:\/\/ledenonciateur224.com\/index.php\/wp-json\/wp\/v2\/posts\/2119\/revisions"}],"wp:featuredmedia":[{"embeddable":true,"href":"https:\/\/ledenonciateur224.com\/index.php\/wp-json\/wp\/v2\/media\/604"}],"wp:attachment":[{"href":"https:\/\/ledenonciateur224.com\/index.php\/wp-json\/wp\/v2\/media?parent=2119"}],"wp:term":[{"taxonomy":"category","embeddable":true,"href":"https:\/\/ledenonciateur224.com\/index.php\/wp-json\/wp\/v2\/categories?post=2119"},{"taxonomy":"post_tag","embeddable":true,"href":"https:\/\/ledenonciateur224.com\/index.php\/wp-json\/wp\/v2\/tags?post=2119"}],"curies":[{"name":"wp","href":"https:\/\/api.w.org\/{rel}","templated":true}]}}