{"id":2122,"date":"2025-03-29T16:05:31","date_gmt":"2025-03-29T16:05:31","guid":{"rendered":"https:\/\/ledenonciateur224.com\/?p=2122"},"modified":"2025-03-29T16:05:31","modified_gmt":"2025-03-29T16:05:31","slug":"guinee-le-choc-des-victimes-du-massacre-du-28-septembre-2009-apres-le-decret-du-chef-de-letat","status":"publish","type":"post","link":"https:\/\/ledenonciateur224.com\/index.php\/guinee-le-choc-des-victimes-du-massacre-du-28-septembre-2009-apres-le-decret-du-chef-de-letat\/","title":{"rendered":"Guin\u00e9e : Le choc des victimes du massacre du 28 septembre 2009, apr\u00e8s le d\u00e9cret du chef de l\u2019\u00c9tat\u00a0"},"content":{"rendered":"<p>Me Amadou DS Bah, un des avocats des victimes du massacre du 28 septembre 2009, a vivement r\u00e9agi \u00e0 la d\u00e9cision du pr\u00e9sident Mamadi Doumbouya d\u2019accorder une gr\u00e2ce \u00e0 l\u2019ancien pr\u00e9sident de la transition, le capitaine Moussa Dadis Camara, condamn\u00e9 \u00e0 20 ans de r\u00e9clusion criminelle pour son r\u00f4le dans ces \u00e9v\u00e9nements tragiques. Cette mesure de cl\u00e9mence, a-t-il soulign\u00e9, ne repr\u00e9sente en rien une surprise, car elle semble s&rsquo;inscrire dans un sch\u00e9ma d\u00e9j\u00e0 anticip\u00e9 depuis le d\u00e9but du proc\u00e8s. Pour l\u2019avocat, cette gr\u00e2ce est un coup de force qui risque d\u2019an\u00e9antir l\u2019ensemble de la proc\u00e9dure judiciaire en cours, notamment l\u2019appel actuellement en cours \u00e0 la cour d\u2019appel de Conakry.<\/p>\n<p>Me DS Bah met en lumi\u00e8re le danger de l&rsquo;impunit\u00e9 qui, selon lui, est renforc\u00e9e par cette d\u00e9cision. Il souligne que la gr\u00e2ce accord\u00e9e \u00e0 l\u2019un des principaux condamn\u00e9s rend le dossier sans objet, se demandant \u00e0 quoi bon poursuivre l\u2019appel lorsque le principal acteur de cette affaire ne sera plus jug\u00e9. Il s\u2019inqui\u00e8te aussi des r\u00e9percussions potentielles pour les autres accus\u00e9s, dont le proc\u00e8s en appel pourrait \u00e9galement perdre sa pertinence.<\/p>\n<p>Face \u00e0 cette situation, Me Bah \u00e9voque la possibilit\u00e9 de saisir la Cour supr\u00eame pour contester cette gr\u00e2ce, bien que l\u2019action en justice ne soit pas encore confirm\u00e9e. Cette d\u00e9cision pr\u00e9sidentielle ravive le d\u00e9bat sur l&rsquo;impunit\u00e9 en Guin\u00e9e, un pays o\u00f9 les familles des victimes du massacre du 28 septembre 2009 attendent toujours une v\u00e9ritable justice pour les 156 morts des violences qui ont secou\u00e9 le stade de Conakry.<\/p>\n<p>Ledenonciateur224.com<\/p>\n","protected":false},"excerpt":{"rendered":"<p>Me Amadou DS Bah, un des avocats des victimes du massacre du 28 septembre 2009, a vivement r\u00e9agi \u00e0 la d\u00e9cision du pr\u00e9sident Mamadi Doumbouya d\u2019accorder une gr\u00e2ce \u00e0 l\u2019ancien pr\u00e9sident de la transition, le capitaine Moussa Dadis Camara, condamn\u00e9 \u00e0 20 ans de r\u00e9clusion criminelle pour son r\u00f4le dans ces \u00e9v\u00e9nements tragiques. Cette mesure [&hellip;]<\/p>\n","protected":false},"author":2,"featured_media":2123,"comment_status":"open","ping_status":"open","sticky":false,"template":"","format":"standard","meta":{"_jetpack_memberships_contains_paid_content":false,"footnotes":"","jetpack_publicize_message":"","jetpack_publicize_feature_enabled":true,"jetpack_social_post_already_shared":true,"jetpack_social_options":{"image_generator_settings":{"template":"highway","default_image_id":0,"font":"","enabled":false},"version":2}},"categories":[30,24],"tags":[559,560,548],"class_list":{"0":"post-2122","1":"post","2":"type-post","3":"status-publish","4":"format-standard","5":"has-post-thumbnail","7":"category-faits-divers","8":"category-news","9":"tag-massacre-du-28-septembre","10":"tag-me-ds-bah","11":"tag-victimes-du-massacre"},"jetpack_publicize_connections":[],"jetpack_featured_media_url":"https:\/\/ledenonciateur224.com\/wp-content\/uploads\/2025\/03\/ds-bah.jpeg","jetpack_sharing_enabled":true,"_links":{"self":[{"href":"https:\/\/ledenonciateur224.com\/index.php\/wp-json\/wp\/v2\/posts\/2122","targetHints":{"allow":["GET"]}}],"collection":[{"href":"https:\/\/ledenonciateur224.com\/index.php\/wp-json\/wp\/v2\/posts"}],"about":[{"href":"https:\/\/ledenonciateur224.com\/index.php\/wp-json\/wp\/v2\/types\/post"}],"author":[{"embeddable":true,"href":"https:\/\/ledenonciateur224.com\/index.php\/wp-json\/wp\/v2\/users\/2"}],"replies":[{"embeddable":true,"href":"https:\/\/ledenonciateur224.com\/index.php\/wp-json\/wp\/v2\/comments?post=2122"}],"version-history":[{"count":0,"href":"https:\/\/ledenonciateur224.com\/index.php\/wp-json\/wp\/v2\/posts\/2122\/revisions"}],"wp:featuredmedia":[{"embeddable":true,"href":"https:\/\/ledenonciateur224.com\/index.php\/wp-json\/wp\/v2\/media\/2123"}],"wp:attachment":[{"href":"https:\/\/ledenonciateur224.com\/index.php\/wp-json\/wp\/v2\/media?parent=2122"}],"wp:term":[{"taxonomy":"category","embeddable":true,"href":"https:\/\/ledenonciateur224.com\/index.php\/wp-json\/wp\/v2\/categories?post=2122"},{"taxonomy":"post_tag","embeddable":true,"href":"https:\/\/ledenonciateur224.com\/index.php\/wp-json\/wp\/v2\/tags?post=2122"}],"curies":[{"name":"wp","href":"https:\/\/api.w.org\/{rel}","templated":true}]}}